{"id":2411,"date":"2016-07-12T21:30:53","date_gmt":"2016-07-12T19:30:53","guid":{"rendered":"https:\/\/strassermichael.at\/?p=2411"},"modified":"2016-08-13T15:20:36","modified_gmt":"2016-08-13T13:20:36","slug":"lungenentzuendung","status":"publish","type":"post","link":"https:\/\/strassermichael.at\/de\/news\/2016\/07\/lungenentzuendung\/","title":{"rendered":"lungenentz\u00fcndung \/\/\/ pneumonia"},"content":{"rendered":"<p>[english below]<\/p>\n<p>Lungenentz\u00fcndung als zwangspause!<\/p>\n<p>Eines m\u00f6chte ich mir ganz und gar nicht gerne eingestehen \u2013 wenn es an der zeit ist, eine wirkliche pause ein zu legen. \u00a0Aus afrika zur\u00fcck gekehrt ging es mit vollem tempo weiter, presse dort, event hier, TV da, und auch meine arbeit am universit\u00e4tssport l\u00e4sst keine verschnaufpause zu, um meine verletzungen aus zu kurieren. \u00dcbrigens, schon in den intensiv-monaten vor afrika zollte ich einer stressfraktur im vorfu\u00df tribut -aber mit schmerzen hab ich ja schon gelernt um zu gehen ; )<\/p>\n<p><strong><em>Einfach so tun, als w\u00e4r\u00b4 nichts g\u00b4wesen<\/em><\/strong>, dachte ich\u2026 mit mehr abstand betrachtet &#8211; es war <strong><em>\u201edoch was\u201c<\/em><\/strong> \u00a0im februar, in afrika. Viel, viel energie hab ich dort verschossen, viele, viele psychische und physische lebens-reserven habe ich dort begonnen auf zu brauchen, aber ich war bereit 1000% und noch mehr zu geben! Ich war bereit mich v\u00f6llig zu zerst\u00f6ren \u2013 und das macht mich sehr stolz. Und sp\u00e4testens jetzt, wo zwischenzeitlich im s\u00fcdsudan wieder der b\u00fcrgerkrieg ausgebrochen ist, bin ich umso mehr dankbar, dass wir drei wieder gesund zur\u00fcck sein d\u00fcrfen.<\/p>\n<p>Ich freue mich auf k\u00fcnftige herausforderungen, bis dahin\u2026 <strong>mal g\u00b4sund werden<\/strong>! <em>euer michael<\/em><\/p>\n<p>&nbsp;<\/p>\n<p><strong>Pneumonia called for a break<\/strong><\/p>\n<p>Ok, honestly speaking \u2013 and some of you might know what I am talking about &#8211; \u00a0I don\u2019t want to admit when it\u2019s time to have a break. As I came back home to austria from my african adventure there was no time to give my body a timeout. Several appointments, media relations, TV interviews, events, meetings and my regular job at the sports university did not allow a lot of time to relax. Don\u2019t get me wrong, I really enjoyed talking about the race and all my crazy stories. It still makes me proud I was able to conquer my personal borders and win the world record title. Even so, thinking of what my body and mind suffered in february and march this year, I cannot deny that this journey required my entire power reserves.<\/p>\n<p>So you can probably imagine, being back in austria there was little chance to heal my injuries from the race or the stress fracture which happened before the world record chase even had begun. Today I am happy and relieved my support team and me are back home safe. The current civil war in south sudan makes it obvious how lucky we were to race through the country without any major injuries or bad experiences.<\/p>\n<p>After all, I am looking forward to my next challenge. Until then I am focusing on kicking the pneumonia\u2019s ass.<\/p>\n<p>cheers, michael<\/p>\n","protected":false},"excerpt":{"rendered":"<p>[english below] Lungenentz\u00fcndung als zwangspause! Eines m\u00f6chte ich mir ganz und gar nicht gerne eingestehen \u2013 wenn es an der zeit ist, eine wirkliche pause ein zu legen. \u00a0Aus afrika zur\u00fcck gekehrt ging es mit vollem tempo weiter, presse dort, event hier, TV da, und auch meine arbeit am universit\u00e4tssport l\u00e4sst keine verschnaufpause zu, um [&hellip;]<\/p>\n","protected":false},"author":2,"featured_media":2414,"comment_status":"closed","ping_status":"closed","sticky":false,"template":"","format":"standard","meta":{"spay_email":""},"categories":[4],"tags":[],"acf":[],"yoast_head":"<!-- This site is optimized with the Yoast SEO plugin v19.13 - https:\/\/yoast.com\/wordpress\/plugins\/seo\/ -->\n<title>lungenentz\u00fcndung \/\/\/ pneumonia - Michael Strasser<\/title>\n<meta name=\"robots\" content=\"index, follow, max-snippet:-1, max-image-preview:large, max-video-preview:-1\" \/>\n<link rel=\"canonical\" href=\"https:\/\/strassermichael.at\/de\/news\/2016\/07\/lungenentzuendung\/\" \/>\n<meta property=\"og:locale\" content=\"de_DE\" \/>\n<meta property=\"og:type\" content=\"article\" \/>\n<meta property=\"og:title\" content=\"lungenentz\u00fcndung \/\/\/ pneumonia - Michael Strasser\" \/>\n<meta property=\"og:description\" content=\"[english below] Lungenentz\u00fcndung als zwangspause! Eines m\u00f6chte ich mir ganz und gar nicht gerne eingestehen \u2013 wenn es an der zeit ist, eine wirkliche pause ein zu legen. \u00a0Aus afrika zur\u00fcck gekehrt ging es mit vollem tempo weiter, presse dort, event hier, TV da, und auch meine arbeit am universit\u00e4tssport l\u00e4sst keine verschnaufpause zu, um [&hellip;]\" \/>\n<meta property=\"og:url\" content=\"https:\/\/strassermichael.at\/de\/news\/2016\/07\/lungenentzuendung\/\" \/>\n<meta property=\"og:site_name\" content=\"Michael Strasser\" \/>\n<meta property=\"article:publisher\" content=\"https:\/\/www.facebook.com\/Michael-Strasser-1525646607758167\/\" \/>\n<meta property=\"article:published_time\" content=\"2016-07-12T19:30:53+00:00\" \/>\n<meta property=\"article:modified_time\" content=\"2016-08-13T13:20:36+00:00\" \/>\n<meta property=\"og:image\" content=\"https:\/\/strassermichael.at\/wp-content\/uploads\/2016\/07\/Nachtfahrt-Gewitterwolke_klein.jpeg\" \/>\n\t<meta property=\"og:image:width\" content=\"2560\" \/>\n\t<meta property=\"og:image:height\" content=\"1600\" \/>\n\t<meta property=\"og:image:type\" content=\"image\/jpeg\" \/>\n<meta name=\"author\" content=\"Michael Strasser\" \/>\n<meta name=\"twitter:card\" content=\"summary_large_image\" \/>\n<meta name=\"twitter:label1\" content=\"Verfasst von\" \/>\n\t<meta name=\"twitter:data1\" content=\"Michael Strasser\" \/>\n\t<meta name=\"twitter:label2\" content=\"Gesch\u00e4tzte Lesezeit\" \/>\n\t<meta name=\"twitter:data2\" content=\"2\u00a0Minuten\" \/>\n<script type=\"application\/ld+json\" class=\"yoast-schema-graph\">{\"@context\":\"https:\/\/schema.org\",\"@graph\":[{\"@type\":\"WebPage\",\"@id\":\"https:\/\/strassermichael.at\/de\/news\/2016\/07\/lungenentzuendung\/\",\"url\":\"https:\/\/strassermichael.at\/de\/news\/2016\/07\/lungenentzuendung\/\",\"name\":\"lungenentz\u00fcndung \/\/\/ pneumonia - Michael Strasser\",\"isPartOf\":{\"@id\":\"https:\/\/strassermichael.at\/de\/#website\"},\"datePublished\":\"2016-07-12T19:30:53+00:00\",\"dateModified\":\"2016-08-13T13:20:36+00:00\",\"author\":{\"@id\":\"https:\/\/strassermichael.at\/de\/#\/schema\/person\/483ba1cdb2b8a5d2a36a76011d5abb92\"},\"breadcrumb\":{\"@id\":\"https:\/\/strassermichael.at\/de\/news\/2016\/07\/lungenentzuendung\/#breadcrumb\"},\"inLanguage\":\"de\",\"potentialAction\":[{\"@type\":\"ReadAction\",\"target\":[\"https:\/\/strassermichael.at\/de\/news\/2016\/07\/lungenentzuendung\/\"]}]},{\"@type\":\"BreadcrumbList\",\"@id\":\"https:\/\/strassermichael.at\/de\/news\/2016\/07\/lungenentzuendung\/#breadcrumb\",\"itemListElement\":[{\"@type\":\"ListItem\",\"position\":1,\"name\":\"Startseite\",\"item\":\"https:\/\/strassermichael.at\/de\/\"},{\"@type\":\"ListItem\",\"position\":2,\"name\":\"lungenentz\u00fcndung \/\/\/ pneumonia\"}]},{\"@type\":\"WebSite\",\"@id\":\"https:\/\/strassermichael.at\/de\/#website\",\"url\":\"https:\/\/strassermichael.at\/de\/\",\"name\":\"Michael Strasser\",\"description\":\"\",\"potentialAction\":[{\"@type\":\"SearchAction\",\"target\":{\"@type\":\"EntryPoint\",\"urlTemplate\":\"https:\/\/strassermichael.at\/de\/?s={search_term_string}\"},\"query-input\":\"required name=search_term_string\"}],\"inLanguage\":\"de\"},{\"@type\":\"Person\",\"@id\":\"https:\/\/strassermichael.at\/de\/#\/schema\/person\/483ba1cdb2b8a5d2a36a76011d5abb92\",\"name\":\"Michael Strasser\",\"image\":{\"@type\":\"ImageObject\",\"inLanguage\":\"de\",\"@id\":\"https:\/\/strassermichael.at\/de\/#\/schema\/person\/image\/\",\"url\":\"https:\/\/secure.gravatar.com\/avatar\/15d9f500f8a64e24a7256a9a6adcbafb?s=96&d=mm&r=g\",\"contentUrl\":\"https:\/\/secure.gravatar.com\/avatar\/15d9f500f8a64e24a7256a9a6adcbafb?s=96&d=mm&r=g\",\"caption\":\"Michael Strasser\"}}]}<\/script>\n<!-- \/ Yoast SEO plugin. -->","yoast_head_json":{"title":"lungenentz\u00fcndung \/\/\/ pneumonia - Michael Strasser","robots":{"index":"index","follow":"follow","max-snippet":"max-snippet:-1","max-image-preview":"max-image-preview:large","max-video-preview":"max-video-preview:-1"},"canonical":"https:\/\/strassermichael.at\/de\/news\/2016\/07\/lungenentzuendung\/","og_locale":"de_DE","og_type":"article","og_title":"lungenentz\u00fcndung \/\/\/ pneumonia - Michael Strasser","og_description":"[english below] Lungenentz\u00fcndung als zwangspause! Eines m\u00f6chte ich mir ganz und gar nicht gerne eingestehen \u2013 wenn es an der zeit ist, eine wirkliche pause ein zu legen. \u00a0Aus afrika zur\u00fcck gekehrt ging es mit vollem tempo weiter, presse dort, event hier, TV da, und auch meine arbeit am universit\u00e4tssport l\u00e4sst keine verschnaufpause zu, um [&hellip;]","og_url":"https:\/\/strassermichael.at\/de\/news\/2016\/07\/lungenentzuendung\/","og_site_name":"Michael Strasser","article_publisher":"https:\/\/www.facebook.com\/Michael-Strasser-1525646607758167\/","article_published_time":"2016-07-12T19:30:53+00:00","article_modified_time":"2016-08-13T13:20:36+00:00","og_image":[{"width":2560,"height":1600,"url":"https:\/\/strassermichael.at\/wp-content\/uploads\/2016\/07\/Nachtfahrt-Gewitterwolke_klein.jpeg","type":"image\/jpeg"}],"author":"Michael Strasser","twitter_card":"summary_large_image","twitter_misc":{"Verfasst von":"Michael Strasser","Gesch\u00e4tzte Lesezeit":"2\u00a0Minuten"},"schema":{"@context":"https:\/\/schema.org","@graph":[{"@type":"WebPage","@id":"https:\/\/strassermichael.at\/de\/news\/2016\/07\/lungenentzuendung\/","url":"https:\/\/strassermichael.at\/de\/news\/2016\/07\/lungenentzuendung\/","name":"lungenentz\u00fcndung \/\/\/ pneumonia - Michael Strasser","isPartOf":{"@id":"https:\/\/strassermichael.at\/de\/#website"},"datePublished":"2016-07-12T19:30:53+00:00","dateModified":"2016-08-13T13:20:36+00:00","author":{"@id":"https:\/\/strassermichael.at\/de\/#\/schema\/person\/483ba1cdb2b8a5d2a36a76011d5abb92"},"breadcrumb":{"@id":"https:\/\/strassermichael.at\/de\/news\/2016\/07\/lungenentzuendung\/#breadcrumb"},"inLanguage":"de","potentialAction":[{"@type":"ReadAction","target":["https:\/\/strassermichael.at\/de\/news\/2016\/07\/lungenentzuendung\/"]}]},{"@type":"BreadcrumbList","@id":"https:\/\/strassermichael.at\/de\/news\/2016\/07\/lungenentzuendung\/#breadcrumb","itemListElement":[{"@type":"ListItem","position":1,"name":"Startseite","item":"https:\/\/strassermichael.at\/de\/"},{"@type":"ListItem","position":2,"name":"lungenentz\u00fcndung \/\/\/ pneumonia"}]},{"@type":"WebSite","@id":"https:\/\/strassermichael.at\/de\/#website","url":"https:\/\/strassermichael.at\/de\/","name":"Michael Strasser","description":"","potentialAction":[{"@type":"SearchAction","target":{"@type":"EntryPoint","urlTemplate":"https:\/\/strassermichael.at\/de\/?s={search_term_string}"},"query-input":"required name=search_term_string"}],"inLanguage":"de"},{"@type":"Person","@id":"https:\/\/strassermichael.at\/de\/#\/schema\/person\/483ba1cdb2b8a5d2a36a76011d5abb92","name":"Michael Strasser","image":{"@type":"ImageObject","inLanguage":"de","@id":"https:\/\/strassermichael.at\/de\/#\/schema\/person\/image\/","url":"https:\/\/secure.gravatar.com\/avatar\/15d9f500f8a64e24a7256a9a6adcbafb?s=96&d=mm&r=g","contentUrl":"https:\/\/secure.gravatar.com\/avatar\/15d9f500f8a64e24a7256a9a6adcbafb?s=96&d=mm&r=g","caption":"Michael Strasser"}}]}},"jetpack_featured_media_url":"https:\/\/strassermichael.at\/wp-content\/uploads\/2016\/07\/Nachtfahrt-Gewitterwolke_klein.jpeg","_links":{"self":[{"href":"https:\/\/strassermichael.at\/de\/wp-json\/wp\/v2\/posts\/2411"}],"collection":[{"href":"https:\/\/strassermichael.at\/de\/wp-json\/wp\/v2\/posts"}],"about":[{"href":"https:\/\/strassermichael.at\/de\/wp-json\/wp\/v2\/types\/post"}],"author":[{"embeddable":true,"href":"https:\/\/strassermichael.at\/de\/wp-json\/wp\/v2\/users\/2"}],"replies":[{"embeddable":true,"href":"https:\/\/strassermichael.at\/de\/wp-json\/wp\/v2\/comments?post=2411"}],"version-history":[{"count":5,"href":"https:\/\/strassermichael.at\/de\/wp-json\/wp\/v2\/posts\/2411\/revisions"}],"predecessor-version":[{"id":2461,"href":"https:\/\/strassermichael.at\/de\/wp-json\/wp\/v2\/posts\/2411\/revisions\/2461"}],"wp:featuredmedia":[{"embeddable":true,"href":"https:\/\/strassermichael.at\/de\/wp-json\/wp\/v2\/media\/2414"}],"wp:attachment":[{"href":"https:\/\/strassermichael.at\/de\/wp-json\/wp\/v2\/media?parent=2411"}],"wp:term":[{"taxonomy":"category","embeddable":true,"href":"https:\/\/strassermichael.at\/de\/wp-json\/wp\/v2\/categories?post=2411"},{"taxonomy":"post_tag","embeddable":true,"href":"https:\/\/strassermichael.at\/de\/wp-json\/wp\/v2\/tags?post=2411"}],"curies":[{"name":"wp","href":"https:\/\/api.w.org\/{rel}","templated":true}]}}