{"id":2561,"date":"2016-10-23T22:09:57","date_gmt":"2016-10-23T20:09:57","guid":{"rendered":"https:\/\/strassermichael.at\/?p=2561&#038;lang=de"},"modified":"2016-10-26T22:34:08","modified_gmt":"2016-10-26T20:34:08","slug":"berlin-wien-nonstop","status":"publish","type":"post","link":"https:\/\/strassermichael.at\/de\/news\/2016\/10\/berlin-wien-nonstop\/","title":{"rendered":"berlin-wien-nonstop"},"content":{"rendered":"<p>etwa eine woche vor der veranstaltung wurde ich gefragt, ob ich nicht lust h\u00e4tte die &#8222;idee&#8220; der berliner-fahrradschau nach wien zu radeln &#8230; die wiener-fahrradschau fand ja zum ersten mal in der bundeshauptstadt statt &#8230; eigentlich h\u00e4tten viele radler am weg sein sollen, aber auch die kollegen haben bald realisiert, dass es um die jahreszeit schon richtig gruselig sein kann&#8230; und leider &#8211; so war es dann auch: start um 17h abends &#8211; nach 410km durch die nacht &#8211; bei 2grad und immer wieder regen war es mir dann studenlang arsch-kalt und in summe zu riskant &#8211; starkes nierenstechen &#8211; ich wollte nichts riskieren &#8211; h\u00e4tte ich das ding wirklich durchgezogen, dann h\u00e4tte ich gleich direkt ins AKH fahren k\u00f6nnen&#8230; ein abbruch ist nie befriedigend, aber es zeigt nur, dass nicht immer alles &#8222;disney&#8220; ist &#8230; beim n\u00e4chsten mal dann ; )<\/p>\n<p>danke stefan und michi f\u00fcr gro\u00dfartigen support<\/p>\n<p>&nbsp;<\/p>\n\n\t\t<style type=\"text\/css\">\n\t\t\t#gallery-1 {\n\t\t\t\tmargin: auto;\n\t\t\t}\n\t\t\t#gallery-1 .gallery-item {\n\t\t\t\tfloat: left;\n\t\t\t\tmargin-top: 10px;\n\t\t\t\ttext-align: center;\n\t\t\t\twidth: 33%;\n\t\t\t}\n\t\t\t#gallery-1 img {\n\t\t\t\tborder: 2px solid #cfcfcf;\n\t\t\t}\n\t\t\t#gallery-1 .gallery-caption {\n\t\t\t\tmargin-left: 0;\n\t\t\t}\n\t\t\t\/* see gallery_shortcode() in wp-includes\/media.php *\/\n\t\t<\/style>\n\t\t<div id='gallery-1' class='gallery galleryid-2561 gallery-columns-3 gallery-size-thumbnail'><dl class='gallery-item'>\n\t\t\t<dt class='gallery-icon landscape'>\n\t\t\t\t<a href='https:\/\/strassermichael.at\/de\/news\/2016\/10\/berlin-wien-nonstop\/michael_strasser_at_20zollmedia-1-von-14\/'><img width=\"250\" height=\"250\" src=\"https:\/\/strassermichael.at\/wp-content\/uploads\/2016\/10\/Michael_Strasser_AT_20ZollMedia-1-von-14-250x250.jpg\" class=\"attachment-thumbnail size-thumbnail\" alt=\"\" loading=\"lazy\" aria-describedby=\"gallery-1-2563\" srcset=\"https:\/\/strassermichael.at\/wp-content\/uploads\/2016\/10\/Michael_Strasser_AT_20ZollMedia-1-von-14-250x250.jpg 250w, https:\/\/strassermichael.at\/wp-content\/uploads\/2016\/10\/Michael_Strasser_AT_20ZollMedia-1-von-14-180x180.jpg 180w, https:\/\/strassermichael.at\/wp-content\/uploads\/2016\/10\/Michael_Strasser_AT_20ZollMedia-1-von-14-300x300.jpg 300w, https:\/\/strassermichael.at\/wp-content\/uploads\/2016\/10\/Michael_Strasser_AT_20ZollMedia-1-von-14-600x600.jpg 600w\" sizes=\"(max-width: 250px) 100vw, 250px\" \/><\/a>\n\t\t\t<\/dt>\n\t\t\t\t<dd class='wp-caption-text gallery-caption' id='gallery-1-2563'>\n\t\t\t\tcredit: 20zollmedia.com\n\t\t\t\t<\/dd><\/dl><dl class='gallery-item'>\n\t\t\t<dt class='gallery-icon landscape'>\n\t\t\t\t<a href='https:\/\/strassermichael.at\/de\/news\/2016\/10\/berlin-wien-nonstop\/michael_strasser_at_20zollmedia-10-von-14\/'><img width=\"250\" height=\"250\" src=\"https:\/\/strassermichael.at\/wp-content\/uploads\/2016\/10\/Michael_Strasser_AT_20ZollMedia-10-von-14-250x250.jpg\" class=\"attachment-thumbnail size-thumbnail\" alt=\"\" loading=\"lazy\" aria-describedby=\"gallery-1-2562\" srcset=\"https:\/\/strassermichael.at\/wp-content\/uploads\/2016\/10\/Michael_Strasser_AT_20ZollMedia-10-von-14-250x250.jpg 250w, https:\/\/strassermichael.at\/wp-content\/uploads\/2016\/10\/Michael_Strasser_AT_20ZollMedia-10-von-14-960x960.jpg 960w, https:\/\/strassermichael.at\/wp-content\/uploads\/2016\/10\/Michael_Strasser_AT_20ZollMedia-10-von-14-300x300.jpg 300w, https:\/\/strassermichael.at\/wp-content\/uploads\/2016\/10\/Michael_Strasser_AT_20ZollMedia-10-von-14-100x100.jpg 100w, https:\/\/strassermichael.at\/wp-content\/uploads\/2016\/10\/Michael_Strasser_AT_20ZollMedia-10-von-14-180x180.jpg 180w\" sizes=\"(max-width: 250px) 100vw, 250px\" \/><\/a>\n\t\t\t<\/dt>\n\t\t\t\t<dd class='wp-caption-text gallery-caption' id='gallery-1-2562'>\n\t\t\t\tcredit: 20zollmedia.com\n\t\t\t\t<\/dd><\/dl><dl class='gallery-item'>\n\t\t\t<dt class='gallery-icon landscape'>\n\t\t\t\t<a href='https:\/\/strassermichael.at\/de\/news\/2016\/10\/berlin-wien-nonstop\/michael_strasser_at_20zollmedia-14-von-14\/'><img width=\"250\" height=\"250\" src=\"https:\/\/strassermichael.at\/wp-content\/uploads\/2016\/10\/Michael_Strasser_AT_20ZollMedia-14-von-14-250x250.jpg\" class=\"attachment-thumbnail size-thumbnail\" alt=\"\" loading=\"lazy\" aria-describedby=\"gallery-1-2564\" srcset=\"https:\/\/strassermichael.at\/wp-content\/uploads\/2016\/10\/Michael_Strasser_AT_20ZollMedia-14-von-14-250x250.jpg 250w, https:\/\/strassermichael.at\/wp-content\/uploads\/2016\/10\/Michael_Strasser_AT_20ZollMedia-14-von-14-180x180.jpg 180w, https:\/\/strassermichael.at\/wp-content\/uploads\/2016\/10\/Michael_Strasser_AT_20ZollMedia-14-von-14-300x300.jpg 300w, https:\/\/strassermichael.at\/wp-content\/uploads\/2016\/10\/Michael_Strasser_AT_20ZollMedia-14-von-14-600x600.jpg 600w\" sizes=\"(max-width: 250px) 100vw, 250px\" \/><\/a>\n\t\t\t<\/dt>\n\t\t\t\t<dd class='wp-caption-text gallery-caption' id='gallery-1-2564'>\n\t\t\t\tcredit: 20zollmedia.com\n\t\t\t\t<\/dd><\/dl><br style=\"clear: both\" \/><dl class='gallery-item'>\n\t\t\t<dt class='gallery-icon landscape'>\n\t\t\t\t<a href='https:\/\/strassermichael.at\/de\/news\/2016\/10\/berlin-wien-nonstop\/20161020_160038\/'><img width=\"250\" height=\"250\" src=\"https:\/\/strassermichael.at\/wp-content\/uploads\/2016\/10\/20161020_160038-250x250.jpg\" class=\"attachment-thumbnail size-thumbnail\" alt=\"\" loading=\"lazy\" aria-describedby=\"gallery-1-2567\" srcset=\"https:\/\/strassermichael.at\/wp-content\/uploads\/2016\/10\/20161020_160038-250x250.jpg 250w, https:\/\/strassermichael.at\/wp-content\/uploads\/2016\/10\/20161020_160038-180x180.jpg 180w, https:\/\/strassermichael.at\/wp-content\/uploads\/2016\/10\/20161020_160038-300x300.jpg 300w, https:\/\/strassermichael.at\/wp-content\/uploads\/2016\/10\/20161020_160038-600x600.jpg 600w\" sizes=\"(max-width: 250px) 100vw, 250px\" \/><\/a>\n\t\t\t<\/dt>\n\t\t\t\t<dd class='wp-caption-text gallery-caption' id='gallery-1-2567'>\n\t\t\t\tautogramme \n\t\t\t\t<\/dd><\/dl><dl class='gallery-item'>\n\t\t\t<dt class='gallery-icon landscape'>\n\t\t\t\t<a href='https:\/\/strassermichael.at\/de\/news\/2016\/10\/berlin-wien-nonstop\/20161020_160056\/'><img width=\"250\" height=\"250\" src=\"https:\/\/strassermichael.at\/wp-content\/uploads\/2016\/10\/20161020_160056-250x250.jpg\" class=\"attachment-thumbnail size-thumbnail\" alt=\"\" loading=\"lazy\" aria-describedby=\"gallery-1-2568\" srcset=\"https:\/\/strassermichael.at\/wp-content\/uploads\/2016\/10\/20161020_160056-250x250.jpg 250w, https:\/\/strassermichael.at\/wp-content\/uploads\/2016\/10\/20161020_160056-180x180.jpg 180w, https:\/\/strassermichael.at\/wp-content\/uploads\/2016\/10\/20161020_160056-300x300.jpg 300w, https:\/\/strassermichael.at\/wp-content\/uploads\/2016\/10\/20161020_160056-600x600.jpg 600w\" sizes=\"(max-width: 250px) 100vw, 250px\" \/><\/a>\n\t\t\t<\/dt>\n\t\t\t\t<dd class='wp-caption-text gallery-caption' id='gallery-1-2568'>\n\t\t\t\tautogramme\n\t\t\t\t<\/dd><\/dl><dl class='gallery-item'>\n\t\t\t<dt class='gallery-icon landscape'>\n\t\t\t\t<a href='https:\/\/strassermichael.at\/de\/news\/2016\/10\/berlin-wien-nonstop\/20161020_163707\/'><img width=\"250\" height=\"250\" src=\"https:\/\/strassermichael.at\/wp-content\/uploads\/2016\/10\/20161020_163707-250x250.jpg\" class=\"attachment-thumbnail size-thumbnail\" alt=\"\" loading=\"lazy\" srcset=\"https:\/\/strassermichael.at\/wp-content\/uploads\/2016\/10\/20161020_163707-250x250.jpg 250w, https:\/\/strassermichael.at\/wp-content\/uploads\/2016\/10\/20161020_163707-180x180.jpg 180w, https:\/\/strassermichael.at\/wp-content\/uploads\/2016\/10\/20161020_163707-300x300.jpg 300w, https:\/\/strassermichael.at\/wp-content\/uploads\/2016\/10\/20161020_163707-600x600.jpg 600w\" sizes=\"(max-width: 250px) 100vw, 250px\" \/><\/a>\n\t\t\t<\/dt><\/dl><br style=\"clear: both\" \/><dl class='gallery-item'>\n\t\t\t<dt class='gallery-icon landscape'>\n\t\t\t\t<a href='https:\/\/strassermichael.at\/de\/news\/2016\/10\/berlin-wien-nonstop\/20161021_043142\/'><img width=\"250\" height=\"250\" src=\"https:\/\/strassermichael.at\/wp-content\/uploads\/2016\/10\/20161021_043142-250x250.jpg\" class=\"attachment-thumbnail size-thumbnail\" alt=\"\" loading=\"lazy\" srcset=\"https:\/\/strassermichael.at\/wp-content\/uploads\/2016\/10\/20161021_043142-250x250.jpg 250w, https:\/\/strassermichael.at\/wp-content\/uploads\/2016\/10\/20161021_043142-180x180.jpg 180w, https:\/\/strassermichael.at\/wp-content\/uploads\/2016\/10\/20161021_043142-300x300.jpg 300w, https:\/\/strassermichael.at\/wp-content\/uploads\/2016\/10\/20161021_043142-600x600.jpg 600w\" sizes=\"(max-width: 250px) 100vw, 250px\" \/><\/a>\n\t\t\t<\/dt><\/dl><dl class='gallery-item'>\n\t\t\t<dt class='gallery-icon landscape'>\n\t\t\t\t<a href='https:\/\/strassermichael.at\/de\/news\/2016\/10\/berlin-wien-nonstop\/20161020_210901\/'><img width=\"250\" height=\"250\" src=\"https:\/\/strassermichael.at\/wp-content\/uploads\/2016\/10\/20161020_210901-250x250.jpg\" class=\"attachment-thumbnail size-thumbnail\" alt=\"\" loading=\"lazy\" srcset=\"https:\/\/strassermichael.at\/wp-content\/uploads\/2016\/10\/20161020_210901-250x250.jpg 250w, https:\/\/strassermichael.at\/wp-content\/uploads\/2016\/10\/20161020_210901-180x180.jpg 180w, https:\/\/strassermichael.at\/wp-content\/uploads\/2016\/10\/20161020_210901-300x300.jpg 300w, https:\/\/strassermichael.at\/wp-content\/uploads\/2016\/10\/20161020_210901-600x600.jpg 600w\" sizes=\"(max-width: 250px) 100vw, 250px\" \/><\/a>\n\t\t\t<\/dt><\/dl><dl class='gallery-item'>\n\t\t\t<dt class='gallery-icon landscape'>\n\t\t\t\t<a href='https:\/\/strassermichael.at\/de\/news\/2016\/10\/berlin-wien-nonstop\/20161020_232941\/'><img width=\"250\" height=\"250\" src=\"https:\/\/strassermichael.at\/wp-content\/uploads\/2016\/10\/20161020_232941-250x250.jpg\" class=\"attachment-thumbnail size-thumbnail\" alt=\"\" loading=\"lazy\" srcset=\"https:\/\/strassermichael.at\/wp-content\/uploads\/2016\/10\/20161020_232941-250x250.jpg 250w, https:\/\/strassermichael.at\/wp-content\/uploads\/2016\/10\/20161020_232941-180x180.jpg 180w, https:\/\/strassermichael.at\/wp-content\/uploads\/2016\/10\/20161020_232941-300x300.jpg 300w, https:\/\/strassermichael.at\/wp-content\/uploads\/2016\/10\/20161020_232941-600x600.jpg 600w\" sizes=\"(max-width: 250px) 100vw, 250px\" \/><\/a>\n\t\t\t<\/dt><\/dl><br style=\"clear: both\" \/>\n\t\t<\/div>\n\n<p>&nbsp;<\/p>\n<p>&nbsp;<\/p>\n","protected":false},"excerpt":{"rendered":"<p>etwa eine woche vor der veranstaltung wurde ich gefragt, ob ich nicht lust h\u00e4tte die &#8222;idee&#8220; der berliner-fahrradschau nach wien zu radeln &#8230; die wiener-fahrradschau fand ja zum ersten mal in der bundeshauptstadt statt &#8230; eigentlich h\u00e4tten viele radler am weg sein sollen, aber auch die kollegen haben bald realisiert, dass es um die jahreszeit [&hellip;]<\/p>\n","protected":false},"author":2,"featured_media":2562,"comment_status":"closed","ping_status":"closed","sticky":false,"template":"","format":"standard","meta":{"spay_email":""},"categories":[3,4],"tags":[],"acf":[],"yoast_head":"<!-- This site is optimized with the Yoast SEO plugin v19.13 - https:\/\/yoast.com\/wordpress\/plugins\/seo\/ -->\n<title>berlin-wien-nonstop - Michael Strasser<\/title>\n<meta name=\"robots\" content=\"index, follow, max-snippet:-1, max-image-preview:large, max-video-preview:-1\" \/>\n<link rel=\"canonical\" href=\"https:\/\/strassermichael.at\/es\/news\/2016\/10\/berlin-wien-nonstop\/\" \/>\n<meta property=\"og:locale\" content=\"de_DE\" \/>\n<meta property=\"og:type\" content=\"article\" \/>\n<meta property=\"og:title\" content=\"berlin-wien-nonstop - Michael Strasser\" \/>\n<meta property=\"og:description\" content=\"etwa eine woche vor der veranstaltung wurde ich gefragt, ob ich nicht lust h\u00e4tte die &#8222;idee&#8220; der berliner-fahrradschau nach wien zu radeln &#8230; die wiener-fahrradschau fand ja zum ersten mal in der bundeshauptstadt statt &#8230; eigentlich h\u00e4tten viele radler am weg sein sollen, aber auch die kollegen haben bald realisiert, dass es um die jahreszeit [&hellip;]\" \/>\n<meta property=\"og:url\" content=\"https:\/\/strassermichael.at\/es\/news\/2016\/10\/berlin-wien-nonstop\/\" \/>\n<meta property=\"og:site_name\" content=\"Michael Strasser\" \/>\n<meta property=\"article:publisher\" content=\"https:\/\/www.facebook.com\/Michael-Strasser-1525646607758167\/\" \/>\n<meta property=\"article:published_time\" content=\"2016-10-23T20:09:57+00:00\" \/>\n<meta property=\"article:modified_time\" content=\"2016-10-26T20:34:08+00:00\" \/>\n<meta property=\"og:image\" content=\"https:\/\/strassermichael.at\/wp-content\/uploads\/2016\/10\/Michael_Strasser_AT_20ZollMedia-10-von-14.jpg\" \/>\n\t<meta property=\"og:image:width\" content=\"1600\" \/>\n\t<meta property=\"og:image:height\" content=\"1067\" \/>\n\t<meta property=\"og:image:type\" content=\"image\/jpeg\" \/>\n<meta name=\"author\" content=\"Michael Strasser\" \/>\n<meta name=\"twitter:card\" content=\"summary_large_image\" \/>\n<meta name=\"twitter:label1\" content=\"Verfasst von\" \/>\n\t<meta name=\"twitter:data1\" content=\"Michael Strasser\" \/>\n\t<meta name=\"twitter:label2\" content=\"Gesch\u00e4tzte Lesezeit\" \/>\n\t<meta name=\"twitter:data2\" content=\"1\u00a0Minute\" \/>\n<script type=\"application\/ld+json\" class=\"yoast-schema-graph\">{\"@context\":\"https:\/\/schema.org\",\"@graph\":[{\"@type\":\"WebPage\",\"@id\":\"https:\/\/strassermichael.at\/es\/news\/2016\/10\/berlin-wien-nonstop\/\",\"url\":\"https:\/\/strassermichael.at\/es\/news\/2016\/10\/berlin-wien-nonstop\/\",\"name\":\"berlin-wien-nonstop - Michael Strasser\",\"isPartOf\":{\"@id\":\"https:\/\/strassermichael.at\/de\/#website\"},\"datePublished\":\"2016-10-23T20:09:57+00:00\",\"dateModified\":\"2016-10-26T20:34:08+00:00\",\"author\":{\"@id\":\"https:\/\/strassermichael.at\/de\/#\/schema\/person\/483ba1cdb2b8a5d2a36a76011d5abb92\"},\"breadcrumb\":{\"@id\":\"https:\/\/strassermichael.at\/es\/news\/2016\/10\/berlin-wien-nonstop\/#breadcrumb\"},\"inLanguage\":\"de\",\"potentialAction\":[{\"@type\":\"ReadAction\",\"target\":[\"https:\/\/strassermichael.at\/es\/news\/2016\/10\/berlin-wien-nonstop\/\"]}]},{\"@type\":\"BreadcrumbList\",\"@id\":\"https:\/\/strassermichael.at\/es\/news\/2016\/10\/berlin-wien-nonstop\/#breadcrumb\",\"itemListElement\":[{\"@type\":\"ListItem\",\"position\":1,\"name\":\"Startseite\",\"item\":\"https:\/\/strassermichael.at\/de\/\"},{\"@type\":\"ListItem\",\"position\":2,\"name\":\"berlin-wien-nonstop\"}]},{\"@type\":\"WebSite\",\"@id\":\"https:\/\/strassermichael.at\/de\/#website\",\"url\":\"https:\/\/strassermichael.at\/de\/\",\"name\":\"Michael Strasser\",\"description\":\"\",\"potentialAction\":[{\"@type\":\"SearchAction\",\"target\":{\"@type\":\"EntryPoint\",\"urlTemplate\":\"https:\/\/strassermichael.at\/de\/?s={search_term_string}\"},\"query-input\":\"required name=search_term_string\"}],\"inLanguage\":\"de\"},{\"@type\":\"Person\",\"@id\":\"https:\/\/strassermichael.at\/de\/#\/schema\/person\/483ba1cdb2b8a5d2a36a76011d5abb92\",\"name\":\"Michael Strasser\",\"image\":{\"@type\":\"ImageObject\",\"inLanguage\":\"de\",\"@id\":\"https:\/\/strassermichael.at\/de\/#\/schema\/person\/image\/\",\"url\":\"https:\/\/secure.gravatar.com\/avatar\/15d9f500f8a64e24a7256a9a6adcbafb?s=96&d=mm&r=g\",\"contentUrl\":\"https:\/\/secure.gravatar.com\/avatar\/15d9f500f8a64e24a7256a9a6adcbafb?s=96&d=mm&r=g\",\"caption\":\"Michael Strasser\"}}]}<\/script>\n<!-- \/ Yoast SEO plugin. -->","yoast_head_json":{"title":"berlin-wien-nonstop - Michael Strasser","robots":{"index":"index","follow":"follow","max-snippet":"max-snippet:-1","max-image-preview":"max-image-preview:large","max-video-preview":"max-video-preview:-1"},"canonical":"https:\/\/strassermichael.at\/es\/news\/2016\/10\/berlin-wien-nonstop\/","og_locale":"de_DE","og_type":"article","og_title":"berlin-wien-nonstop - Michael Strasser","og_description":"etwa eine woche vor der veranstaltung wurde ich gefragt, ob ich nicht lust h\u00e4tte die &#8222;idee&#8220; der berliner-fahrradschau nach wien zu radeln &#8230; die wiener-fahrradschau fand ja zum ersten mal in der bundeshauptstadt statt &#8230; eigentlich h\u00e4tten viele radler am weg sein sollen, aber auch die kollegen haben bald realisiert, dass es um die jahreszeit [&hellip;]","og_url":"https:\/\/strassermichael.at\/es\/news\/2016\/10\/berlin-wien-nonstop\/","og_site_name":"Michael Strasser","article_publisher":"https:\/\/www.facebook.com\/Michael-Strasser-1525646607758167\/","article_published_time":"2016-10-23T20:09:57+00:00","article_modified_time":"2016-10-26T20:34:08+00:00","og_image":[{"width":1600,"height":1067,"url":"https:\/\/strassermichael.at\/wp-content\/uploads\/2016\/10\/Michael_Strasser_AT_20ZollMedia-10-von-14.jpg","type":"image\/jpeg"}],"author":"Michael Strasser","twitter_card":"summary_large_image","twitter_misc":{"Verfasst von":"Michael Strasser","Gesch\u00e4tzte Lesezeit":"1\u00a0Minute"},"schema":{"@context":"https:\/\/schema.org","@graph":[{"@type":"WebPage","@id":"https:\/\/strassermichael.at\/es\/news\/2016\/10\/berlin-wien-nonstop\/","url":"https:\/\/strassermichael.at\/es\/news\/2016\/10\/berlin-wien-nonstop\/","name":"berlin-wien-nonstop - Michael Strasser","isPartOf":{"@id":"https:\/\/strassermichael.at\/de\/#website"},"datePublished":"2016-10-23T20:09:57+00:00","dateModified":"2016-10-26T20:34:08+00:00","author":{"@id":"https:\/\/strassermichael.at\/de\/#\/schema\/person\/483ba1cdb2b8a5d2a36a76011d5abb92"},"breadcrumb":{"@id":"https:\/\/strassermichael.at\/es\/news\/2016\/10\/berlin-wien-nonstop\/#breadcrumb"},"inLanguage":"de","potentialAction":[{"@type":"ReadAction","target":["https:\/\/strassermichael.at\/es\/news\/2016\/10\/berlin-wien-nonstop\/"]}]},{"@type":"BreadcrumbList","@id":"https:\/\/strassermichael.at\/es\/news\/2016\/10\/berlin-wien-nonstop\/#breadcrumb","itemListElement":[{"@type":"ListItem","position":1,"name":"Startseite","item":"https:\/\/strassermichael.at\/de\/"},{"@type":"ListItem","position":2,"name":"berlin-wien-nonstop"}]},{"@type":"WebSite","@id":"https:\/\/strassermichael.at\/de\/#website","url":"https:\/\/strassermichael.at\/de\/","name":"Michael Strasser","description":"","potentialAction":[{"@type":"SearchAction","target":{"@type":"EntryPoint","urlTemplate":"https:\/\/strassermichael.at\/de\/?s={search_term_string}"},"query-input":"required name=search_term_string"}],"inLanguage":"de"},{"@type":"Person","@id":"https:\/\/strassermichael.at\/de\/#\/schema\/person\/483ba1cdb2b8a5d2a36a76011d5abb92","name":"Michael Strasser","image":{"@type":"ImageObject","inLanguage":"de","@id":"https:\/\/strassermichael.at\/de\/#\/schema\/person\/image\/","url":"https:\/\/secure.gravatar.com\/avatar\/15d9f500f8a64e24a7256a9a6adcbafb?s=96&d=mm&r=g","contentUrl":"https:\/\/secure.gravatar.com\/avatar\/15d9f500f8a64e24a7256a9a6adcbafb?s=96&d=mm&r=g","caption":"Michael Strasser"}}]}},"jetpack_featured_media_url":"https:\/\/strassermichael.at\/wp-content\/uploads\/2016\/10\/Michael_Strasser_AT_20ZollMedia-10-von-14.jpg","_links":{"self":[{"href":"https:\/\/strassermichael.at\/de\/wp-json\/wp\/v2\/posts\/2561"}],"collection":[{"href":"https:\/\/strassermichael.at\/de\/wp-json\/wp\/v2\/posts"}],"about":[{"href":"https:\/\/strassermichael.at\/de\/wp-json\/wp\/v2\/types\/post"}],"author":[{"embeddable":true,"href":"https:\/\/strassermichael.at\/de\/wp-json\/wp\/v2\/users\/2"}],"replies":[{"embeddable":true,"href":"https:\/\/strassermichael.at\/de\/wp-json\/wp\/v2\/comments?post=2561"}],"version-history":[{"count":6,"href":"https:\/\/strassermichael.at\/de\/wp-json\/wp\/v2\/posts\/2561\/revisions"}],"predecessor-version":[{"id":2577,"href":"https:\/\/strassermichael.at\/de\/wp-json\/wp\/v2\/posts\/2561\/revisions\/2577"}],"wp:featuredmedia":[{"embeddable":true,"href":"https:\/\/strassermichael.at\/de\/wp-json\/wp\/v2\/media\/2562"}],"wp:attachment":[{"href":"https:\/\/strassermichael.at\/de\/wp-json\/wp\/v2\/media?parent=2561"}],"wp:term":[{"taxonomy":"category","embeddable":true,"href":"https:\/\/strassermichael.at\/de\/wp-json\/wp\/v2\/categories?post=2561"},{"taxonomy":"post_tag","embeddable":true,"href":"https:\/\/strassermichael.at\/de\/wp-json\/wp\/v2\/tags?post=2561"}],"curies":[{"name":"wp","href":"https:\/\/api.w.org\/{rel}","templated":true}]}}