{"id":438,"date":"2011-12-05T11:51:26","date_gmt":"2011-12-05T10:51:26","guid":{"rendered":"http:\/\/www.strassermichael.at\/?p=438"},"modified":"2013-03-08T20:45:49","modified_gmt":"2013-03-08T19:45:49","slug":"herbstzeitlose-2012","status":"publish","type":"post","link":"https:\/\/strassermichael.at\/de\/news\/2011\/12\/herbstzeitlose-2012\/","title":{"rendered":"herbstzeitlose 2011"},"content":{"rendered":"<p>\u2026 ja auch in diesem herbst, es hat sie schon gegeben, die tage, an denen man sich fragt was man da eigentlich macht\u2026 die fr\u00fchjahrsm\u00fcdigkeit schon im herbst besiegen? oder doch nur der aussichtslose versuch das schlechte gewissen befriedigen zu wollen\u2026 an der motivation scheitert es vorab nicht, aber pl\u00f6tzlich einen gang zur\u00fcckgeschalten, springen die warnleuchten des k\u00f6rpers pl\u00f6tzlich auf rot, und so findet man sich all zu oft auf irgend einer pritsche, ein paar wei\u00dfe m\u00e4ntel ringsum\u2026 kann das der sinn der sache sein? aber was ist der sinn der sache \u00fcberhaupt? man qu\u00e4lt sich tagein tagaus, und das beste &#8211; man blecht auch noch daf\u00fcr. f\u00fchlt sich am morgen wie ein greis, blasen auf\u00b4, h\u00e4ute \u00b4zwischen\u00b4, und zu wenig blut \u00b4in\u00b4 den fingern\u2026 dem biss in meine herbstzeitlose nicht mehr ganz abgeneigt\u2026 aber warum sollte ich\u2019s nicht mehr tun, w\u00e4re ja auch fad, so ganz ohne selbstgei\u00dfelung, und was w\u00fcrde man dann pl\u00f6tzlich mit der vielen freizeit anfangen?\u00a0\u00a0\u00a0\u00a0 &#8230;.. fischen war ich schon\u2026\u2026<\/p>\n<p>&nbsp;<\/p>\n\n\t\t<style type=\"text\/css\">\n\t\t\t#gallery-1 {\n\t\t\t\tmargin: auto;\n\t\t\t}\n\t\t\t#gallery-1 .gallery-item {\n\t\t\t\tfloat: left;\n\t\t\t\tmargin-top: 10px;\n\t\t\t\ttext-align: center;\n\t\t\t\twidth: 33%;\n\t\t\t}\n\t\t\t#gallery-1 img {\n\t\t\t\tborder: 2px solid #cfcfcf;\n\t\t\t}\n\t\t\t#gallery-1 .gallery-caption {\n\t\t\t\tmargin-left: 0;\n\t\t\t}\n\t\t\t\/* see gallery_shortcode() in wp-includes\/media.php *\/\n\t\t<\/style>\n\t\t<div id='gallery-1' class='gallery galleryid-438 gallery-columns-3 gallery-size-thumbnail'><dl class='gallery-item'>\n\t\t\t<dt class='gallery-icon portrait'>\n\t\t\t\t<a href='https:\/\/strassermichael.at\/de\/news\/2011\/12\/herbstzeitlose-2012\/ionto-gedreht\/'><img width=\"250\" height=\"250\" src=\"https:\/\/strassermichael.at\/wp-content\/uploads\/2012\/08\/ionto-gedreht-250x250.jpg\" class=\"attachment-thumbnail size-thumbnail\" alt=\"\" loading=\"lazy\" \/><\/a>\n\t\t\t<\/dt><\/dl><dl class='gallery-item'>\n\t\t\t<dt class='gallery-icon portrait'>\n\t\t\t\t<a href='https:\/\/strassermichael.at\/de\/news\/2011\/12\/herbstzeitlose-2012\/cimg3076\/'><img width=\"250\" height=\"250\" src=\"https:\/\/strassermichael.at\/wp-content\/uploads\/2012\/08\/CIMG3076-250x250.jpg\" class=\"attachment-thumbnail size-thumbnail\" alt=\"\" loading=\"lazy\" srcset=\"https:\/\/strassermichael.at\/wp-content\/uploads\/2012\/08\/CIMG3076-250x250.jpg 250w, https:\/\/strassermichael.at\/wp-content\/uploads\/2012\/08\/CIMG3076-960x960.jpg 960w, https:\/\/strassermichael.at\/wp-content\/uploads\/2012\/08\/CIMG3076-300x300.jpg 300w, https:\/\/strassermichael.at\/wp-content\/uploads\/2012\/08\/CIMG3076-100x100.jpg 100w\" sizes=\"(max-width: 250px) 100vw, 250px\" \/><\/a>\n\t\t\t<\/dt><\/dl><dl class='gallery-item'>\n\t\t\t<dt class='gallery-icon landscape'>\n\t\t\t\t<a href='https:\/\/strassermichael.at\/de\/news\/2011\/12\/herbstzeitlose-2012\/angeln\/'><img width=\"250\" height=\"249\" src=\"https:\/\/strassermichael.at\/wp-content\/uploads\/2011\/12\/angeln-250x249.jpg\" class=\"attachment-thumbnail size-thumbnail\" alt=\"\" loading=\"lazy\" \/><\/a>\n\t\t\t<\/dt><\/dl><br style=\"clear: both\" \/>\n\t\t<\/div>\n\n","protected":false},"excerpt":{"rendered":"<p>\u2026 ja auch in diesem herbst, es hat sie schon gegeben, die tage, an denen man sich fragt was man da eigentlich macht\u2026 die fr\u00fchjahrsm\u00fcdigkeit schon im herbst besiegen? oder doch nur der aussichtslose versuch das schlechte gewissen befriedigen zu wollen\u2026 an der motivation scheitert es vorab nicht, aber pl\u00f6tzlich einen gang zur\u00fcckgeschalten, springen die [&hellip;]<\/p>\n","protected":false},"author":2,"featured_media":440,"comment_status":"open","ping_status":"open","sticky":false,"template":"","format":"standard","meta":{"spay_email":""},"categories":[4],"tags":[],"acf":[],"yoast_head":"<!-- This site is optimized with the Yoast SEO plugin v19.13 - https:\/\/yoast.com\/wordpress\/plugins\/seo\/ -->\n<title>herbstzeitlose 2011 - Michael Strasser<\/title>\n<meta name=\"robots\" content=\"index, follow, max-snippet:-1, max-image-preview:large, max-video-preview:-1\" \/>\n<link rel=\"canonical\" href=\"https:\/\/strassermichael.at\/en\/news\/2011\/12\/herbstzeitlose-2012\/\" \/>\n<meta property=\"og:locale\" content=\"de_DE\" \/>\n<meta property=\"og:type\" content=\"article\" \/>\n<meta property=\"og:title\" content=\"herbstzeitlose 2011 - Michael Strasser\" \/>\n<meta property=\"og:description\" content=\"\u2026 ja auch in diesem herbst, es hat sie schon gegeben, die tage, an denen man sich fragt was man da eigentlich macht\u2026 die fr\u00fchjahrsm\u00fcdigkeit schon im herbst besiegen? oder doch nur der aussichtslose versuch das schlechte gewissen befriedigen zu wollen\u2026 an der motivation scheitert es vorab nicht, aber pl\u00f6tzlich einen gang zur\u00fcckgeschalten, springen die [&hellip;]\" \/>\n<meta property=\"og:url\" content=\"https:\/\/strassermichael.at\/en\/news\/2011\/12\/herbstzeitlose-2012\/\" \/>\n<meta property=\"og:site_name\" content=\"Michael Strasser\" \/>\n<meta property=\"article:publisher\" content=\"https:\/\/www.facebook.com\/Michael-Strasser-1525646607758167\/\" \/>\n<meta property=\"article:published_time\" content=\"2011-12-05T10:51:26+00:00\" \/>\n<meta property=\"article:modified_time\" content=\"2013-03-08T19:45:49+00:00\" \/>\n<meta property=\"og:image\" content=\"https:\/\/strassermichael.at\/wp-content\/uploads\/2012\/08\/CIMG3076.jpg\" \/>\n\t<meta property=\"og:image:width\" content=\"1536\" \/>\n\t<meta property=\"og:image:height\" content=\"2048\" \/>\n\t<meta property=\"og:image:type\" content=\"image\/jpeg\" \/>\n<meta name=\"author\" content=\"Michael Strasser\" \/>\n<meta name=\"twitter:card\" content=\"summary_large_image\" \/>\n<meta name=\"twitter:label1\" content=\"Verfasst von\" \/>\n\t<meta name=\"twitter:data1\" content=\"Michael Strasser\" \/>\n\t<meta name=\"twitter:label2\" content=\"Gesch\u00e4tzte Lesezeit\" \/>\n\t<meta name=\"twitter:data2\" content=\"1\u00a0Minute\" \/>\n<script type=\"application\/ld+json\" class=\"yoast-schema-graph\">{\"@context\":\"https:\/\/schema.org\",\"@graph\":[{\"@type\":\"WebPage\",\"@id\":\"https:\/\/strassermichael.at\/en\/news\/2011\/12\/herbstzeitlose-2012\/\",\"url\":\"https:\/\/strassermichael.at\/en\/news\/2011\/12\/herbstzeitlose-2012\/\",\"name\":\"herbstzeitlose 2011 - Michael Strasser\",\"isPartOf\":{\"@id\":\"https:\/\/strassermichael.at\/de\/#website\"},\"datePublished\":\"2011-12-05T10:51:26+00:00\",\"dateModified\":\"2013-03-08T19:45:49+00:00\",\"author\":{\"@id\":\"https:\/\/strassermichael.at\/de\/#\/schema\/person\/483ba1cdb2b8a5d2a36a76011d5abb92\"},\"breadcrumb\":{\"@id\":\"https:\/\/strassermichael.at\/en\/news\/2011\/12\/herbstzeitlose-2012\/#breadcrumb\"},\"inLanguage\":\"de\",\"potentialAction\":[{\"@type\":\"ReadAction\",\"target\":[\"https:\/\/strassermichael.at\/en\/news\/2011\/12\/herbstzeitlose-2012\/\"]}]},{\"@type\":\"BreadcrumbList\",\"@id\":\"https:\/\/strassermichael.at\/en\/news\/2011\/12\/herbstzeitlose-2012\/#breadcrumb\",\"itemListElement\":[{\"@type\":\"ListItem\",\"position\":1,\"name\":\"Startseite\",\"item\":\"https:\/\/strassermichael.at\/de\/\"},{\"@type\":\"ListItem\",\"position\":2,\"name\":\"herbstzeitlose 2011\"}]},{\"@type\":\"WebSite\",\"@id\":\"https:\/\/strassermichael.at\/de\/#website\",\"url\":\"https:\/\/strassermichael.at\/de\/\",\"name\":\"Michael Strasser\",\"description\":\"\",\"potentialAction\":[{\"@type\":\"SearchAction\",\"target\":{\"@type\":\"EntryPoint\",\"urlTemplate\":\"https:\/\/strassermichael.at\/de\/?s={search_term_string}\"},\"query-input\":\"required name=search_term_string\"}],\"inLanguage\":\"de\"},{\"@type\":\"Person\",\"@id\":\"https:\/\/strassermichael.at\/de\/#\/schema\/person\/483ba1cdb2b8a5d2a36a76011d5abb92\",\"name\":\"Michael Strasser\",\"image\":{\"@type\":\"ImageObject\",\"inLanguage\":\"de\",\"@id\":\"https:\/\/strassermichael.at\/de\/#\/schema\/person\/image\/\",\"url\":\"https:\/\/secure.gravatar.com\/avatar\/15d9f500f8a64e24a7256a9a6adcbafb?s=96&d=mm&r=g\",\"contentUrl\":\"https:\/\/secure.gravatar.com\/avatar\/15d9f500f8a64e24a7256a9a6adcbafb?s=96&d=mm&r=g\",\"caption\":\"Michael Strasser\"}}]}<\/script>\n<!-- \/ Yoast SEO plugin. -->","yoast_head_json":{"title":"herbstzeitlose 2011 - Michael Strasser","robots":{"index":"index","follow":"follow","max-snippet":"max-snippet:-1","max-image-preview":"max-image-preview:large","max-video-preview":"max-video-preview:-1"},"canonical":"https:\/\/strassermichael.at\/en\/news\/2011\/12\/herbstzeitlose-2012\/","og_locale":"de_DE","og_type":"article","og_title":"herbstzeitlose 2011 - Michael Strasser","og_description":"\u2026 ja auch in diesem herbst, es hat sie schon gegeben, die tage, an denen man sich fragt was man da eigentlich macht\u2026 die fr\u00fchjahrsm\u00fcdigkeit schon im herbst besiegen? oder doch nur der aussichtslose versuch das schlechte gewissen befriedigen zu wollen\u2026 an der motivation scheitert es vorab nicht, aber pl\u00f6tzlich einen gang zur\u00fcckgeschalten, springen die [&hellip;]","og_url":"https:\/\/strassermichael.at\/en\/news\/2011\/12\/herbstzeitlose-2012\/","og_site_name":"Michael Strasser","article_publisher":"https:\/\/www.facebook.com\/Michael-Strasser-1525646607758167\/","article_published_time":"2011-12-05T10:51:26+00:00","article_modified_time":"2013-03-08T19:45:49+00:00","og_image":[{"width":1536,"height":2048,"url":"https:\/\/strassermichael.at\/wp-content\/uploads\/2012\/08\/CIMG3076.jpg","type":"image\/jpeg"}],"author":"Michael Strasser","twitter_card":"summary_large_image","twitter_misc":{"Verfasst von":"Michael Strasser","Gesch\u00e4tzte Lesezeit":"1\u00a0Minute"},"schema":{"@context":"https:\/\/schema.org","@graph":[{"@type":"WebPage","@id":"https:\/\/strassermichael.at\/en\/news\/2011\/12\/herbstzeitlose-2012\/","url":"https:\/\/strassermichael.at\/en\/news\/2011\/12\/herbstzeitlose-2012\/","name":"herbstzeitlose 2011 - Michael Strasser","isPartOf":{"@id":"https:\/\/strassermichael.at\/de\/#website"},"datePublished":"2011-12-05T10:51:26+00:00","dateModified":"2013-03-08T19:45:49+00:00","author":{"@id":"https:\/\/strassermichael.at\/de\/#\/schema\/person\/483ba1cdb2b8a5d2a36a76011d5abb92"},"breadcrumb":{"@id":"https:\/\/strassermichael.at\/en\/news\/2011\/12\/herbstzeitlose-2012\/#breadcrumb"},"inLanguage":"de","potentialAction":[{"@type":"ReadAction","target":["https:\/\/strassermichael.at\/en\/news\/2011\/12\/herbstzeitlose-2012\/"]}]},{"@type":"BreadcrumbList","@id":"https:\/\/strassermichael.at\/en\/news\/2011\/12\/herbstzeitlose-2012\/#breadcrumb","itemListElement":[{"@type":"ListItem","position":1,"name":"Startseite","item":"https:\/\/strassermichael.at\/de\/"},{"@type":"ListItem","position":2,"name":"herbstzeitlose 2011"}]},{"@type":"WebSite","@id":"https:\/\/strassermichael.at\/de\/#website","url":"https:\/\/strassermichael.at\/de\/","name":"Michael Strasser","description":"","potentialAction":[{"@type":"SearchAction","target":{"@type":"EntryPoint","urlTemplate":"https:\/\/strassermichael.at\/de\/?s={search_term_string}"},"query-input":"required name=search_term_string"}],"inLanguage":"de"},{"@type":"Person","@id":"https:\/\/strassermichael.at\/de\/#\/schema\/person\/483ba1cdb2b8a5d2a36a76011d5abb92","name":"Michael Strasser","image":{"@type":"ImageObject","inLanguage":"de","@id":"https:\/\/strassermichael.at\/de\/#\/schema\/person\/image\/","url":"https:\/\/secure.gravatar.com\/avatar\/15d9f500f8a64e24a7256a9a6adcbafb?s=96&d=mm&r=g","contentUrl":"https:\/\/secure.gravatar.com\/avatar\/15d9f500f8a64e24a7256a9a6adcbafb?s=96&d=mm&r=g","caption":"Michael Strasser"}}]}},"jetpack_featured_media_url":"https:\/\/strassermichael.at\/wp-content\/uploads\/2012\/08\/CIMG3076.jpg","_links":{"self":[{"href":"https:\/\/strassermichael.at\/de\/wp-json\/wp\/v2\/posts\/438"}],"collection":[{"href":"https:\/\/strassermichael.at\/de\/wp-json\/wp\/v2\/posts"}],"about":[{"href":"https:\/\/strassermichael.at\/de\/wp-json\/wp\/v2\/types\/post"}],"author":[{"embeddable":true,"href":"https:\/\/strassermichael.at\/de\/wp-json\/wp\/v2\/users\/2"}],"replies":[{"embeddable":true,"href":"https:\/\/strassermichael.at\/de\/wp-json\/wp\/v2\/comments?post=438"}],"version-history":[{"count":7,"href":"https:\/\/strassermichael.at\/de\/wp-json\/wp\/v2\/posts\/438\/revisions"}],"predecessor-version":[{"id":447,"href":"https:\/\/strassermichael.at\/de\/wp-json\/wp\/v2\/posts\/438\/revisions\/447"}],"wp:featuredmedia":[{"embeddable":true,"href":"https:\/\/strassermichael.at\/de\/wp-json\/wp\/v2\/media\/440"}],"wp:attachment":[{"href":"https:\/\/strassermichael.at\/de\/wp-json\/wp\/v2\/media?parent=438"}],"wp:term":[{"taxonomy":"category","embeddable":true,"href":"https:\/\/strassermichael.at\/de\/wp-json\/wp\/v2\/categories?post=438"},{"taxonomy":"post_tag","embeddable":true,"href":"https:\/\/strassermichael.at\/de\/wp-json\/wp\/v2\/tags?post=438"}],"curies":[{"name":"wp","href":"https:\/\/api.w.org\/{rel}","templated":true}]}}