{"id":76,"date":"2012-03-15T15:33:03","date_gmt":"2012-03-15T14:33:03","guid":{"rendered":"http:\/\/www.strassermichael.at\/?p=76"},"modified":"2012-08-04T10:54:33","modified_gmt":"2012-08-04T08:54:33","slug":"stuhleck-non-stop-auf-den-everest","status":"publish","type":"post","link":"https:\/\/strassermichael.at\/de\/news\/2012\/03\/stuhleck-non-stop-auf-den-everest\/","title":{"rendered":"stuhleck &#8211; &#8222;non stop auf den everest&#8220;"},"content":{"rendered":"<p>stuhleck, 10x nonstop, weils so sch\u00f6n war\u2026<\/p>\n<p>nach dem ersten abgebrochenen anlauf am heilig abend, verlangt dieses projekt einer positiven erledigung. diesmal mental besser eingestellt und auch wettertechnisch besser erwischt, erf\u00fcllte ich mir die selbst auferlegte vorgabe 8848 h\u00f6henmeter innerhalb 24h nonstop zu schaffen. nach einem kurzen, dem biorhytmus vort\u00e4uschendem vorabendnickerchen, packte ich mein zeugs und fuhr los. kurz nach 1h nachts klickte ich meine stirnlampe an, mein garmin zeigte `training beginnen\u00b4\u2026<\/p>\n<p>die erste nacht verlief recht schnell, ich durfte auf einen klaren sonnenaufgang hoffen, und drei mal rauf, war so die klassische trainingseinheit am stuhleck-tag welchen ich zumindest einmal w\u00f6chentlich eingeplant habe. der tag entwickelte sich zu einem strahlendem sonnentag, und nachdem auch noch einige andere tourer das saisonfinale genossen haben, waren immer genug sparringpartner unterwegs. nach zehn stunden wurde ich mir abermals der tragweite dieser geschichte bewusst, immer den ironmanvergleich im hintergrund\u2026 \u00b4sooo jetzt w\u00e4re ich eigentlich schon geduscht\u2026.\u00b4<\/p>\n<p>nach 17 stunden wurde es abermals nacht, und ich f\u00fchlte mich bei km 38 angekommen, so kurz vorm ziel aufgeben? die letzten f\u00fcnf stunden habe ich z\u00e4hneknirschend zusammengebissen, teilweise geflucht, geschimpft,\u2026. aber wer soll mich hier h\u00f6ren? und bei wem soll ich mich aufregen? beim letzten aufstieg die erl\u00f6sende ziffer am display 8848 \u2026. mit tr\u00e4nen in den augen, schlief ich im kofferaum ein, die sch\u00f6nsten dinge im leben gibt\u2019s f\u00fcr ganz wenig geld!<\/p>\n\n\t\t<style type=\"text\/css\">\n\t\t\t#gallery-1 {\n\t\t\t\tmargin: auto;\n\t\t\t}\n\t\t\t#gallery-1 .gallery-item {\n\t\t\t\tfloat: left;\n\t\t\t\tmargin-top: 10px;\n\t\t\t\ttext-align: center;\n\t\t\t\twidth: 33%;\n\t\t\t}\n\t\t\t#gallery-1 img {\n\t\t\t\tborder: 2px solid #cfcfcf;\n\t\t\t}\n\t\t\t#gallery-1 .gallery-caption {\n\t\t\t\tmargin-left: 0;\n\t\t\t}\n\t\t\t\/* see gallery_shortcode() in wp-includes\/media.php *\/\n\t\t<\/style>\n\t\t<div id='gallery-1' class='gallery galleryid-76 gallery-columns-3 gallery-size-thumbnail'><dl class='gallery-item'>\n\t\t\t<dt class='gallery-icon portrait'>\n\t\t\t\t<a href='https:\/\/strassermichael.at\/wp-content\/uploads\/2012\/07\/CIMG9092.jpg'><img width=\"250\" height=\"250\" src=\"https:\/\/strassermichael.at\/wp-content\/uploads\/2012\/07\/CIMG9092-250x250.jpg\" class=\"attachment-thumbnail size-thumbnail\" alt=\"\" loading=\"lazy\" \/><\/a>\n\t\t\t<\/dt><\/dl><dl class='gallery-item'>\n\t\t\t<dt class='gallery-icon landscape'>\n\t\t\t\t<a href='https:\/\/strassermichael.at\/wp-content\/uploads\/2012\/07\/strasser1.jpg'><img width=\"250\" height=\"250\" src=\"https:\/\/strassermichael.at\/wp-content\/uploads\/2012\/07\/strasser1-250x250.jpg\" class=\"attachment-thumbnail size-thumbnail\" alt=\"\" loading=\"lazy\" \/><\/a>\n\t\t\t<\/dt><\/dl>\n\t\t\t<br style='clear: both' \/>\n\t\t<\/div>\n\n","protected":false},"excerpt":{"rendered":"<p>stuhleck, 10x nonstop, weils so sch\u00f6n war\u2026 nach dem ersten abgebrochenen anlauf am heilig abend, verlangt dieses projekt einer positiven erledigung. diesmal mental besser eingestellt und auch wettertechnisch besser erwischt, erf\u00fcllte ich mir die selbst auferlegte vorgabe 8848 h\u00f6henmeter innerhalb 24h nonstop zu schaffen. nach einem kurzen, dem biorhytmus vort\u00e4uschendem vorabendnickerchen, packte ich mein zeugs [&hellip;]<\/p>\n","protected":false},"author":2,"featured_media":77,"comment_status":"open","ping_status":"open","sticky":false,"template":"","format":"standard","meta":{"spay_email":""},"categories":[3,4],"tags":[],"acf":[],"yoast_head":"<!-- This site is optimized with the Yoast SEO plugin v19.13 - https:\/\/yoast.com\/wordpress\/plugins\/seo\/ -->\n<title>stuhleck - &quot;non stop auf den everest&quot; - Michael Strasser<\/title>\n<meta name=\"robots\" content=\"index, follow, max-snippet:-1, max-image-preview:large, max-video-preview:-1\" \/>\n<link rel=\"canonical\" href=\"https:\/\/strassermichael.at\/de\/news\/2012\/03\/stuhleck-non-stop-auf-den-everest\/\" \/>\n<meta property=\"og:locale\" content=\"de_DE\" \/>\n<meta property=\"og:type\" content=\"article\" \/>\n<meta property=\"og:title\" content=\"stuhleck - &quot;non stop auf den everest&quot; - Michael Strasser\" \/>\n<meta property=\"og:description\" content=\"stuhleck, 10x nonstop, weils so sch\u00f6n war\u2026 nach dem ersten abgebrochenen anlauf am heilig abend, verlangt dieses projekt einer positiven erledigung. diesmal mental besser eingestellt und auch wettertechnisch besser erwischt, erf\u00fcllte ich mir die selbst auferlegte vorgabe 8848 h\u00f6henmeter innerhalb 24h nonstop zu schaffen. nach einem kurzen, dem biorhytmus vort\u00e4uschendem vorabendnickerchen, packte ich mein zeugs [&hellip;]\" \/>\n<meta property=\"og:url\" content=\"https:\/\/strassermichael.at\/de\/news\/2012\/03\/stuhleck-non-stop-auf-den-everest\/\" \/>\n<meta property=\"og:site_name\" content=\"Michael Strasser\" \/>\n<meta property=\"article:publisher\" content=\"https:\/\/www.facebook.com\/Michael-Strasser-1525646607758167\/\" \/>\n<meta property=\"article:published_time\" content=\"2012-03-15T14:33:03+00:00\" \/>\n<meta property=\"article:modified_time\" content=\"2012-08-04T08:54:33+00:00\" \/>\n<meta property=\"og:image\" content=\"https:\/\/strassermichael.at\/wp-content\/uploads\/2012\/07\/strasser2-768x1024.jpg\" \/>\n\t<meta property=\"og:image:width\" content=\"768\" \/>\n\t<meta property=\"og:image:height\" content=\"1024\" \/>\n\t<meta property=\"og:image:type\" content=\"image\/jpeg\" \/>\n<meta name=\"author\" content=\"Michael Strasser\" \/>\n<meta name=\"twitter:card\" content=\"summary_large_image\" \/>\n<meta name=\"twitter:label1\" content=\"Verfasst von\" \/>\n\t<meta name=\"twitter:data1\" content=\"Michael Strasser\" \/>\n\t<meta name=\"twitter:label2\" content=\"Gesch\u00e4tzte Lesezeit\" \/>\n\t<meta name=\"twitter:data2\" content=\"1\u00a0Minute\" \/>\n<script type=\"application\/ld+json\" class=\"yoast-schema-graph\">{\"@context\":\"https:\/\/schema.org\",\"@graph\":[{\"@type\":\"WebPage\",\"@id\":\"https:\/\/strassermichael.at\/de\/news\/2012\/03\/stuhleck-non-stop-auf-den-everest\/\",\"url\":\"https:\/\/strassermichael.at\/de\/news\/2012\/03\/stuhleck-non-stop-auf-den-everest\/\",\"name\":\"stuhleck - \\\"non stop auf den everest\\\" - Michael Strasser\",\"isPartOf\":{\"@id\":\"https:\/\/strassermichael.at\/de\/#website\"},\"datePublished\":\"2012-03-15T14:33:03+00:00\",\"dateModified\":\"2012-08-04T08:54:33+00:00\",\"author\":{\"@id\":\"https:\/\/strassermichael.at\/de\/#\/schema\/person\/483ba1cdb2b8a5d2a36a76011d5abb92\"},\"breadcrumb\":{\"@id\":\"https:\/\/strassermichael.at\/de\/news\/2012\/03\/stuhleck-non-stop-auf-den-everest\/#breadcrumb\"},\"inLanguage\":\"de\",\"potentialAction\":[{\"@type\":\"ReadAction\",\"target\":[\"https:\/\/strassermichael.at\/de\/news\/2012\/03\/stuhleck-non-stop-auf-den-everest\/\"]}]},{\"@type\":\"BreadcrumbList\",\"@id\":\"https:\/\/strassermichael.at\/de\/news\/2012\/03\/stuhleck-non-stop-auf-den-everest\/#breadcrumb\",\"itemListElement\":[{\"@type\":\"ListItem\",\"position\":1,\"name\":\"Startseite\",\"item\":\"https:\/\/strassermichael.at\/de\/\"},{\"@type\":\"ListItem\",\"position\":2,\"name\":\"stuhleck &#8211; &#8222;non stop auf den everest&#8220;\"}]},{\"@type\":\"WebSite\",\"@id\":\"https:\/\/strassermichael.at\/de\/#website\",\"url\":\"https:\/\/strassermichael.at\/de\/\",\"name\":\"Michael Strasser\",\"description\":\"\",\"potentialAction\":[{\"@type\":\"SearchAction\",\"target\":{\"@type\":\"EntryPoint\",\"urlTemplate\":\"https:\/\/strassermichael.at\/de\/?s={search_term_string}\"},\"query-input\":\"required name=search_term_string\"}],\"inLanguage\":\"de\"},{\"@type\":\"Person\",\"@id\":\"https:\/\/strassermichael.at\/de\/#\/schema\/person\/483ba1cdb2b8a5d2a36a76011d5abb92\",\"name\":\"Michael Strasser\",\"image\":{\"@type\":\"ImageObject\",\"inLanguage\":\"de\",\"@id\":\"https:\/\/strassermichael.at\/de\/#\/schema\/person\/image\/\",\"url\":\"https:\/\/secure.gravatar.com\/avatar\/15d9f500f8a64e24a7256a9a6adcbafb?s=96&d=mm&r=g\",\"contentUrl\":\"https:\/\/secure.gravatar.com\/avatar\/15d9f500f8a64e24a7256a9a6adcbafb?s=96&d=mm&r=g\",\"caption\":\"Michael Strasser\"}}]}<\/script>\n<!-- \/ Yoast SEO plugin. -->","yoast_head_json":{"title":"stuhleck - \"non stop auf den everest\" - Michael Strasser","robots":{"index":"index","follow":"follow","max-snippet":"max-snippet:-1","max-image-preview":"max-image-preview:large","max-video-preview":"max-video-preview:-1"},"canonical":"https:\/\/strassermichael.at\/de\/news\/2012\/03\/stuhleck-non-stop-auf-den-everest\/","og_locale":"de_DE","og_type":"article","og_title":"stuhleck - \"non stop auf den everest\" - Michael Strasser","og_description":"stuhleck, 10x nonstop, weils so sch\u00f6n war\u2026 nach dem ersten abgebrochenen anlauf am heilig abend, verlangt dieses projekt einer positiven erledigung. diesmal mental besser eingestellt und auch wettertechnisch besser erwischt, erf\u00fcllte ich mir die selbst auferlegte vorgabe 8848 h\u00f6henmeter innerhalb 24h nonstop zu schaffen. nach einem kurzen, dem biorhytmus vort\u00e4uschendem vorabendnickerchen, packte ich mein zeugs [&hellip;]","og_url":"https:\/\/strassermichael.at\/de\/news\/2012\/03\/stuhleck-non-stop-auf-den-everest\/","og_site_name":"Michael Strasser","article_publisher":"https:\/\/www.facebook.com\/Michael-Strasser-1525646607758167\/","article_published_time":"2012-03-15T14:33:03+00:00","article_modified_time":"2012-08-04T08:54:33+00:00","og_image":[{"width":768,"height":1024,"url":"https:\/\/strassermichael.at\/wp-content\/uploads\/2012\/07\/strasser2-768x1024.jpg","type":"image\/jpeg"}],"author":"Michael Strasser","twitter_card":"summary_large_image","twitter_misc":{"Verfasst von":"Michael Strasser","Gesch\u00e4tzte Lesezeit":"1\u00a0Minute"},"schema":{"@context":"https:\/\/schema.org","@graph":[{"@type":"WebPage","@id":"https:\/\/strassermichael.at\/de\/news\/2012\/03\/stuhleck-non-stop-auf-den-everest\/","url":"https:\/\/strassermichael.at\/de\/news\/2012\/03\/stuhleck-non-stop-auf-den-everest\/","name":"stuhleck - \"non stop auf den everest\" - Michael Strasser","isPartOf":{"@id":"https:\/\/strassermichael.at\/de\/#website"},"datePublished":"2012-03-15T14:33:03+00:00","dateModified":"2012-08-04T08:54:33+00:00","author":{"@id":"https:\/\/strassermichael.at\/de\/#\/schema\/person\/483ba1cdb2b8a5d2a36a76011d5abb92"},"breadcrumb":{"@id":"https:\/\/strassermichael.at\/de\/news\/2012\/03\/stuhleck-non-stop-auf-den-everest\/#breadcrumb"},"inLanguage":"de","potentialAction":[{"@type":"ReadAction","target":["https:\/\/strassermichael.at\/de\/news\/2012\/03\/stuhleck-non-stop-auf-den-everest\/"]}]},{"@type":"BreadcrumbList","@id":"https:\/\/strassermichael.at\/de\/news\/2012\/03\/stuhleck-non-stop-auf-den-everest\/#breadcrumb","itemListElement":[{"@type":"ListItem","position":1,"name":"Startseite","item":"https:\/\/strassermichael.at\/de\/"},{"@type":"ListItem","position":2,"name":"stuhleck &#8211; &#8222;non stop auf den everest&#8220;"}]},{"@type":"WebSite","@id":"https:\/\/strassermichael.at\/de\/#website","url":"https:\/\/strassermichael.at\/de\/","name":"Michael Strasser","description":"","potentialAction":[{"@type":"SearchAction","target":{"@type":"EntryPoint","urlTemplate":"https:\/\/strassermichael.at\/de\/?s={search_term_string}"},"query-input":"required name=search_term_string"}],"inLanguage":"de"},{"@type":"Person","@id":"https:\/\/strassermichael.at\/de\/#\/schema\/person\/483ba1cdb2b8a5d2a36a76011d5abb92","name":"Michael Strasser","image":{"@type":"ImageObject","inLanguage":"de","@id":"https:\/\/strassermichael.at\/de\/#\/schema\/person\/image\/","url":"https:\/\/secure.gravatar.com\/avatar\/15d9f500f8a64e24a7256a9a6adcbafb?s=96&d=mm&r=g","contentUrl":"https:\/\/secure.gravatar.com\/avatar\/15d9f500f8a64e24a7256a9a6adcbafb?s=96&d=mm&r=g","caption":"Michael Strasser"}}]}},"jetpack_featured_media_url":"https:\/\/strassermichael.at\/wp-content\/uploads\/2012\/07\/strasser2.jpg","_links":{"self":[{"href":"https:\/\/strassermichael.at\/de\/wp-json\/wp\/v2\/posts\/76"}],"collection":[{"href":"https:\/\/strassermichael.at\/de\/wp-json\/wp\/v2\/posts"}],"about":[{"href":"https:\/\/strassermichael.at\/de\/wp-json\/wp\/v2\/types\/post"}],"author":[{"embeddable":true,"href":"https:\/\/strassermichael.at\/de\/wp-json\/wp\/v2\/users\/2"}],"replies":[{"embeddable":true,"href":"https:\/\/strassermichael.at\/de\/wp-json\/wp\/v2\/comments?post=76"}],"version-history":[{"count":8,"href":"https:\/\/strassermichael.at\/de\/wp-json\/wp\/v2\/posts\/76\/revisions"}],"predecessor-version":[{"id":131,"href":"https:\/\/strassermichael.at\/de\/wp-json\/wp\/v2\/posts\/76\/revisions\/131"}],"wp:featuredmedia":[{"embeddable":true,"href":"https:\/\/strassermichael.at\/de\/wp-json\/wp\/v2\/media\/77"}],"wp:attachment":[{"href":"https:\/\/strassermichael.at\/de\/wp-json\/wp\/v2\/media?parent=76"}],"wp:term":[{"taxonomy":"category","embeddable":true,"href":"https:\/\/strassermichael.at\/de\/wp-json\/wp\/v2\/categories?post=76"},{"taxonomy":"post_tag","embeddable":true,"href":"https:\/\/strassermichael.at\/de\/wp-json\/wp\/v2\/tags?post=76"}],"curies":[{"name":"wp","href":"https:\/\/api.w.org\/{rel}","templated":true}]}}