{"id":7994,"date":"2018-12-15T20:13:59","date_gmt":"2018-12-15T19:13:59","guid":{"rendered":"https:\/\/strassermichael.at\/?p=7994"},"modified":"2018-12-22T13:31:55","modified_gmt":"2018-12-22T12:31:55","slug":"helme-fuer-die-charity","status":"publish","type":"post","link":"https:\/\/strassermichael.at\/de\/news\/2018\/12\/helme-fuer-die-charity\/","title":{"rendered":"Helme f\u00fcr die Charity"},"content":{"rendered":"<p><strong>UPDATE &#8211; ALLE HELME VERGEBEN!\u00a0<\/strong><\/p>\n<p>Bei Ice2Ice trug ich in jedem der 14 L\u00e4nder einen neuen &#8222;high-end&#8220; Helm der Marke ABUS. (Model Gamechanger, neon gelb, Medium 52-58cm Kopfumfang) An der Grenze wurde dieser dann signiert und mit dem jeweiligen Kilometer\/H\u00f6henmeterstand beschriftet. F\u00fcr den K\u00e4ufer gibts dann auch ein Handy-video, welches mich beim signieren zeigt. Die Erl\u00f6se dieser Aktion gehen selbstverst\u00e4ndlich wieder an meinen Verein &#8222;Racing4Charity&#8220;. Mindestspende 250,- Euro (exclusive Versand) &#8230;. PS: in Wien liefere ich fast immer selbst per Rad<\/p>\n<p><a href=\"https:\/\/strassermichael.at\/de\/shop\/\">zum Shop<\/a><\/p>\n","protected":false},"excerpt":{"rendered":"<p>UPDATE &#8211; ALLE HELME VERGEBEN!\u00a0 Bei Ice2Ice trug ich in jedem der 14 L\u00e4nder einen neuen &#8222;high-end&#8220; Helm der Marke ABUS. (Model Gamechanger, neon gelb, Medium 52-58cm Kopfumfang) An der Grenze wurde dieser dann signiert und mit dem jeweiligen Kilometer\/H\u00f6henmeterstand beschriftet. F\u00fcr den K\u00e4ufer gibts dann auch ein Handy-video, welches mich beim signieren zeigt. Die [&hellip;]<\/p>\n","protected":false},"author":2,"featured_media":8003,"comment_status":"closed","ping_status":"closed","sticky":false,"template":"","format":"standard","meta":{"spay_email":""},"categories":[4],"tags":[],"acf":[],"yoast_head":"<!-- This site is optimized with the Yoast SEO plugin v19.13 - https:\/\/yoast.com\/wordpress\/plugins\/seo\/ -->\n<title>Helme f\u00fcr die Charity - Michael Strasser<\/title>\n<meta name=\"robots\" content=\"index, follow, max-snippet:-1, max-image-preview:large, max-video-preview:-1\" \/>\n<link rel=\"canonical\" href=\"https:\/\/strassermichael.at\/es\/news\/2018\/12\/helme-fuer-die-charity\/\" \/>\n<meta property=\"og:locale\" content=\"de_DE\" \/>\n<meta property=\"og:type\" content=\"article\" \/>\n<meta property=\"og:title\" content=\"Helme f\u00fcr die Charity - Michael Strasser\" \/>\n<meta property=\"og:description\" content=\"UPDATE &#8211; ALLE HELME VERGEBEN!\u00a0 Bei Ice2Ice trug ich in jedem der 14 L\u00e4nder einen neuen &#8222;high-end&#8220; Helm der Marke ABUS. (Model Gamechanger, neon gelb, Medium 52-58cm Kopfumfang) An der Grenze wurde dieser dann signiert und mit dem jeweiligen Kilometer\/H\u00f6henmeterstand beschriftet. F\u00fcr den K\u00e4ufer gibts dann auch ein Handy-video, welches mich beim signieren zeigt. Die [&hellip;]\" \/>\n<meta property=\"og:url\" content=\"https:\/\/strassermichael.at\/es\/news\/2018\/12\/helme-fuer-die-charity\/\" \/>\n<meta property=\"og:site_name\" content=\"Michael Strasser\" \/>\n<meta property=\"article:publisher\" content=\"https:\/\/www.facebook.com\/Michael-Strasser-1525646607758167\/\" \/>\n<meta property=\"article:published_time\" content=\"2018-12-15T19:13:59+00:00\" \/>\n<meta property=\"article:modified_time\" content=\"2018-12-22T12:31:55+00:00\" \/>\n<meta property=\"og:image\" content=\"https:\/\/strassermichael.at\/wp-content\/uploads\/2018\/12\/helme-1.jpg\" \/>\n\t<meta property=\"og:image:width\" content=\"846\" \/>\n\t<meta property=\"og:image:height\" content=\"846\" \/>\n\t<meta property=\"og:image:type\" content=\"image\/jpeg\" \/>\n<meta name=\"author\" content=\"Michael Strasser\" \/>\n<meta name=\"twitter:card\" content=\"summary_large_image\" \/>\n<meta name=\"twitter:label1\" content=\"Verfasst von\" \/>\n\t<meta name=\"twitter:data1\" content=\"Michael Strasser\" \/>\n<script type=\"application\/ld+json\" class=\"yoast-schema-graph\">{\"@context\":\"https:\/\/schema.org\",\"@graph\":[{\"@type\":\"WebPage\",\"@id\":\"https:\/\/strassermichael.at\/es\/news\/2018\/12\/helme-fuer-die-charity\/\",\"url\":\"https:\/\/strassermichael.at\/es\/news\/2018\/12\/helme-fuer-die-charity\/\",\"name\":\"Helme f\u00fcr die Charity - Michael Strasser\",\"isPartOf\":{\"@id\":\"https:\/\/strassermichael.at\/de\/#website\"},\"datePublished\":\"2018-12-15T19:13:59+00:00\",\"dateModified\":\"2018-12-22T12:31:55+00:00\",\"author\":{\"@id\":\"https:\/\/strassermichael.at\/de\/#\/schema\/person\/483ba1cdb2b8a5d2a36a76011d5abb92\"},\"breadcrumb\":{\"@id\":\"https:\/\/strassermichael.at\/es\/news\/2018\/12\/helme-fuer-die-charity\/#breadcrumb\"},\"inLanguage\":\"de\",\"potentialAction\":[{\"@type\":\"ReadAction\",\"target\":[\"https:\/\/strassermichael.at\/es\/news\/2018\/12\/helme-fuer-die-charity\/\"]}]},{\"@type\":\"BreadcrumbList\",\"@id\":\"https:\/\/strassermichael.at\/es\/news\/2018\/12\/helme-fuer-die-charity\/#breadcrumb\",\"itemListElement\":[{\"@type\":\"ListItem\",\"position\":1,\"name\":\"Startseite\",\"item\":\"https:\/\/strassermichael.at\/de\/\"},{\"@type\":\"ListItem\",\"position\":2,\"name\":\"Helme f\u00fcr die Charity\"}]},{\"@type\":\"WebSite\",\"@id\":\"https:\/\/strassermichael.at\/de\/#website\",\"url\":\"https:\/\/strassermichael.at\/de\/\",\"name\":\"Michael Strasser\",\"description\":\"\",\"potentialAction\":[{\"@type\":\"SearchAction\",\"target\":{\"@type\":\"EntryPoint\",\"urlTemplate\":\"https:\/\/strassermichael.at\/de\/?s={search_term_string}\"},\"query-input\":\"required name=search_term_string\"}],\"inLanguage\":\"de\"},{\"@type\":\"Person\",\"@id\":\"https:\/\/strassermichael.at\/de\/#\/schema\/person\/483ba1cdb2b8a5d2a36a76011d5abb92\",\"name\":\"Michael Strasser\",\"image\":{\"@type\":\"ImageObject\",\"inLanguage\":\"de\",\"@id\":\"https:\/\/strassermichael.at\/de\/#\/schema\/person\/image\/\",\"url\":\"https:\/\/secure.gravatar.com\/avatar\/15d9f500f8a64e24a7256a9a6adcbafb?s=96&d=mm&r=g\",\"contentUrl\":\"https:\/\/secure.gravatar.com\/avatar\/15d9f500f8a64e24a7256a9a6adcbafb?s=96&d=mm&r=g\",\"caption\":\"Michael Strasser\"}}]}<\/script>\n<!-- \/ Yoast SEO plugin. -->","yoast_head_json":{"title":"Helme f\u00fcr die Charity - Michael Strasser","robots":{"index":"index","follow":"follow","max-snippet":"max-snippet:-1","max-image-preview":"max-image-preview:large","max-video-preview":"max-video-preview:-1"},"canonical":"https:\/\/strassermichael.at\/es\/news\/2018\/12\/helme-fuer-die-charity\/","og_locale":"de_DE","og_type":"article","og_title":"Helme f\u00fcr die Charity - Michael Strasser","og_description":"UPDATE &#8211; ALLE HELME VERGEBEN!\u00a0 Bei Ice2Ice trug ich in jedem der 14 L\u00e4nder einen neuen &#8222;high-end&#8220; Helm der Marke ABUS. (Model Gamechanger, neon gelb, Medium 52-58cm Kopfumfang) An der Grenze wurde dieser dann signiert und mit dem jeweiligen Kilometer\/H\u00f6henmeterstand beschriftet. F\u00fcr den K\u00e4ufer gibts dann auch ein Handy-video, welches mich beim signieren zeigt. Die [&hellip;]","og_url":"https:\/\/strassermichael.at\/es\/news\/2018\/12\/helme-fuer-die-charity\/","og_site_name":"Michael Strasser","article_publisher":"https:\/\/www.facebook.com\/Michael-Strasser-1525646607758167\/","article_published_time":"2018-12-15T19:13:59+00:00","article_modified_time":"2018-12-22T12:31:55+00:00","og_image":[{"width":846,"height":846,"url":"https:\/\/strassermichael.at\/wp-content\/uploads\/2018\/12\/helme-1.jpg","type":"image\/jpeg"}],"author":"Michael Strasser","twitter_card":"summary_large_image","twitter_misc":{"Verfasst von":"Michael Strasser"},"schema":{"@context":"https:\/\/schema.org","@graph":[{"@type":"WebPage","@id":"https:\/\/strassermichael.at\/es\/news\/2018\/12\/helme-fuer-die-charity\/","url":"https:\/\/strassermichael.at\/es\/news\/2018\/12\/helme-fuer-die-charity\/","name":"Helme f\u00fcr die Charity - Michael Strasser","isPartOf":{"@id":"https:\/\/strassermichael.at\/de\/#website"},"datePublished":"2018-12-15T19:13:59+00:00","dateModified":"2018-12-22T12:31:55+00:00","author":{"@id":"https:\/\/strassermichael.at\/de\/#\/schema\/person\/483ba1cdb2b8a5d2a36a76011d5abb92"},"breadcrumb":{"@id":"https:\/\/strassermichael.at\/es\/news\/2018\/12\/helme-fuer-die-charity\/#breadcrumb"},"inLanguage":"de","potentialAction":[{"@type":"ReadAction","target":["https:\/\/strassermichael.at\/es\/news\/2018\/12\/helme-fuer-die-charity\/"]}]},{"@type":"BreadcrumbList","@id":"https:\/\/strassermichael.at\/es\/news\/2018\/12\/helme-fuer-die-charity\/#breadcrumb","itemListElement":[{"@type":"ListItem","position":1,"name":"Startseite","item":"https:\/\/strassermichael.at\/de\/"},{"@type":"ListItem","position":2,"name":"Helme f\u00fcr die Charity"}]},{"@type":"WebSite","@id":"https:\/\/strassermichael.at\/de\/#website","url":"https:\/\/strassermichael.at\/de\/","name":"Michael Strasser","description":"","potentialAction":[{"@type":"SearchAction","target":{"@type":"EntryPoint","urlTemplate":"https:\/\/strassermichael.at\/de\/?s={search_term_string}"},"query-input":"required name=search_term_string"}],"inLanguage":"de"},{"@type":"Person","@id":"https:\/\/strassermichael.at\/de\/#\/schema\/person\/483ba1cdb2b8a5d2a36a76011d5abb92","name":"Michael Strasser","image":{"@type":"ImageObject","inLanguage":"de","@id":"https:\/\/strassermichael.at\/de\/#\/schema\/person\/image\/","url":"https:\/\/secure.gravatar.com\/avatar\/15d9f500f8a64e24a7256a9a6adcbafb?s=96&d=mm&r=g","contentUrl":"https:\/\/secure.gravatar.com\/avatar\/15d9f500f8a64e24a7256a9a6adcbafb?s=96&d=mm&r=g","caption":"Michael Strasser"}}]}},"jetpack_featured_media_url":"https:\/\/strassermichael.at\/wp-content\/uploads\/2018\/12\/helme-1.jpg","_links":{"self":[{"href":"https:\/\/strassermichael.at\/de\/wp-json\/wp\/v2\/posts\/7994"}],"collection":[{"href":"https:\/\/strassermichael.at\/de\/wp-json\/wp\/v2\/posts"}],"about":[{"href":"https:\/\/strassermichael.at\/de\/wp-json\/wp\/v2\/types\/post"}],"author":[{"embeddable":true,"href":"https:\/\/strassermichael.at\/de\/wp-json\/wp\/v2\/users\/2"}],"replies":[{"embeddable":true,"href":"https:\/\/strassermichael.at\/de\/wp-json\/wp\/v2\/comments?post=7994"}],"version-history":[{"count":3,"href":"https:\/\/strassermichael.at\/de\/wp-json\/wp\/v2\/posts\/7994\/revisions"}],"predecessor-version":[{"id":8047,"href":"https:\/\/strassermichael.at\/de\/wp-json\/wp\/v2\/posts\/7994\/revisions\/8047"}],"wp:featuredmedia":[{"embeddable":true,"href":"https:\/\/strassermichael.at\/de\/wp-json\/wp\/v2\/media\/8003"}],"wp:attachment":[{"href":"https:\/\/strassermichael.at\/de\/wp-json\/wp\/v2\/media?parent=7994"}],"wp:term":[{"taxonomy":"category","embeddable":true,"href":"https:\/\/strassermichael.at\/de\/wp-json\/wp\/v2\/categories?post=7994"},{"taxonomy":"post_tag","embeddable":true,"href":"https:\/\/strassermichael.at\/de\/wp-json\/wp\/v2\/tags?post=7994"}],"curies":[{"name":"wp","href":"https:\/\/api.w.org\/{rel}","templated":true}]}}