{"id":8094,"date":"2019-01-03T17:59:30","date_gmt":"2019-01-03T16:59:30","guid":{"rendered":"https:\/\/strassermichael.at\/?p=8094"},"modified":"2019-01-07T18:00:14","modified_gmt":"2019-01-07T17:00:14","slug":"un-klimakonferenz","status":"publish","type":"post","link":"https:\/\/strassermichael.at\/de\/news\/2019\/01\/un-klimakonferenz\/","title":{"rendered":"UN Klimakonferenz"},"content":{"rendered":"<p>Es war mir eine gro\u00dfe Ehre bei der UN Klimakonferenz in Katovice\/Polen sprechen zu d\u00fcrfen &#8211; es f\u00fchlt sich an, als w\u00fcrde ein kleiner Kindheitstraum in Erf\u00fcllung gehen. Vielen Dank an Frau Minister Elisabeth K\u00f6stinger f\u00fcr die Einladung. Um jeglichen Spekulationen gleich entgegen zu treten &#8211; ich bin, und m\u00f6chte auch nie, ein Politiker sein &#8211; mir geht es darum, m\u00f6glichst vielen Menschen zu zeigen, dass man sein Fahrrad auch t\u00e4glich als Transport und Verkehrsmittel verwenden kann &#8211; so wie ich es mache. Fernab vom Leistungssport &#8211; Radfahren kann viel mehr!<\/p>\n","protected":false},"excerpt":{"rendered":"<p>Es war mir eine gro\u00dfe Ehre bei der UN Klimakonferenz in Katovice\/Polen sprechen zu d\u00fcrfen &#8211; es f\u00fchlt sich an, als w\u00fcrde ein kleiner Kindheitstraum in Erf\u00fcllung gehen. Vielen Dank an Frau Minister Elisabeth K\u00f6stinger f\u00fcr die Einladung. Um jeglichen Spekulationen gleich entgegen zu treten &#8211; ich bin, und m\u00f6chte auch nie, ein Politiker sein [&hellip;]<\/p>\n","protected":false},"author":2,"featured_media":8080,"comment_status":"closed","ping_status":"closed","sticky":false,"template":"","format":"standard","meta":{"spay_email":""},"categories":[4],"tags":[],"acf":[],"yoast_head":"<!-- This site is optimized with the Yoast SEO plugin v19.13 - https:\/\/yoast.com\/wordpress\/plugins\/seo\/ -->\n<title>UN Klimakonferenz - Michael Strasser<\/title>\n<meta name=\"robots\" content=\"index, follow, max-snippet:-1, max-image-preview:large, max-video-preview:-1\" \/>\n<link rel=\"canonical\" href=\"https:\/\/strassermichael.at\/de\/news\/2019\/01\/un-klimakonferenz\/\" \/>\n<meta property=\"og:locale\" content=\"de_DE\" \/>\n<meta property=\"og:type\" content=\"article\" \/>\n<meta property=\"og:title\" content=\"UN Klimakonferenz - Michael Strasser\" \/>\n<meta property=\"og:description\" content=\"Es war mir eine gro\u00dfe Ehre bei der UN Klimakonferenz in Katovice\/Polen sprechen zu d\u00fcrfen &#8211; es f\u00fchlt sich an, als w\u00fcrde ein kleiner Kindheitstraum in Erf\u00fcllung gehen. Vielen Dank an Frau Minister Elisabeth K\u00f6stinger f\u00fcr die Einladung. Um jeglichen Spekulationen gleich entgegen zu treten &#8211; ich bin, und m\u00f6chte auch nie, ein Politiker sein [&hellip;]\" \/>\n<meta property=\"og:url\" content=\"https:\/\/strassermichael.at\/de\/news\/2019\/01\/un-klimakonferenz\/\" \/>\n<meta property=\"og:site_name\" content=\"Michael Strasser\" \/>\n<meta property=\"article:publisher\" content=\"https:\/\/www.facebook.com\/Michael-Strasser-1525646607758167\/\" \/>\n<meta property=\"article:published_time\" content=\"2019-01-03T16:59:30+00:00\" \/>\n<meta property=\"article:modified_time\" content=\"2019-01-07T17:00:14+00:00\" \/>\n<meta property=\"og:image\" content=\"https:\/\/strassermichael.at\/wp-content\/uploads\/2019\/01\/un_klimakonferenz_f.jpg\" \/>\n\t<meta property=\"og:image:width\" content=\"400\" \/>\n\t<meta property=\"og:image:height\" content=\"400\" \/>\n\t<meta property=\"og:image:type\" content=\"image\/jpeg\" \/>\n<meta name=\"author\" content=\"Michael Strasser\" \/>\n<meta name=\"twitter:card\" content=\"summary_large_image\" \/>\n<meta name=\"twitter:label1\" content=\"Verfasst von\" \/>\n\t<meta name=\"twitter:data1\" content=\"Michael Strasser\" \/>\n\t<meta name=\"twitter:label2\" content=\"Gesch\u00e4tzte Lesezeit\" \/>\n\t<meta name=\"twitter:data2\" content=\"1\u00a0Minute\" \/>\n<script type=\"application\/ld+json\" class=\"yoast-schema-graph\">{\"@context\":\"https:\/\/schema.org\",\"@graph\":[{\"@type\":\"WebPage\",\"@id\":\"https:\/\/strassermichael.at\/de\/news\/2019\/01\/un-klimakonferenz\/\",\"url\":\"https:\/\/strassermichael.at\/de\/news\/2019\/01\/un-klimakonferenz\/\",\"name\":\"UN Klimakonferenz - Michael Strasser\",\"isPartOf\":{\"@id\":\"https:\/\/strassermichael.at\/de\/#website\"},\"datePublished\":\"2019-01-03T16:59:30+00:00\",\"dateModified\":\"2019-01-07T17:00:14+00:00\",\"author\":{\"@id\":\"https:\/\/strassermichael.at\/de\/#\/schema\/person\/483ba1cdb2b8a5d2a36a76011d5abb92\"},\"breadcrumb\":{\"@id\":\"https:\/\/strassermichael.at\/de\/news\/2019\/01\/un-klimakonferenz\/#breadcrumb\"},\"inLanguage\":\"de\",\"potentialAction\":[{\"@type\":\"ReadAction\",\"target\":[\"https:\/\/strassermichael.at\/de\/news\/2019\/01\/un-klimakonferenz\/\"]}]},{\"@type\":\"BreadcrumbList\",\"@id\":\"https:\/\/strassermichael.at\/de\/news\/2019\/01\/un-klimakonferenz\/#breadcrumb\",\"itemListElement\":[{\"@type\":\"ListItem\",\"position\":1,\"name\":\"Startseite\",\"item\":\"https:\/\/strassermichael.at\/de\/\"},{\"@type\":\"ListItem\",\"position\":2,\"name\":\"UN Klimakonferenz\"}]},{\"@type\":\"WebSite\",\"@id\":\"https:\/\/strassermichael.at\/de\/#website\",\"url\":\"https:\/\/strassermichael.at\/de\/\",\"name\":\"Michael Strasser\",\"description\":\"\",\"potentialAction\":[{\"@type\":\"SearchAction\",\"target\":{\"@type\":\"EntryPoint\",\"urlTemplate\":\"https:\/\/strassermichael.at\/de\/?s={search_term_string}\"},\"query-input\":\"required name=search_term_string\"}],\"inLanguage\":\"de\"},{\"@type\":\"Person\",\"@id\":\"https:\/\/strassermichael.at\/de\/#\/schema\/person\/483ba1cdb2b8a5d2a36a76011d5abb92\",\"name\":\"Michael Strasser\",\"image\":{\"@type\":\"ImageObject\",\"inLanguage\":\"de\",\"@id\":\"https:\/\/strassermichael.at\/de\/#\/schema\/person\/image\/\",\"url\":\"https:\/\/secure.gravatar.com\/avatar\/15d9f500f8a64e24a7256a9a6adcbafb?s=96&d=mm&r=g\",\"contentUrl\":\"https:\/\/secure.gravatar.com\/avatar\/15d9f500f8a64e24a7256a9a6adcbafb?s=96&d=mm&r=g\",\"caption\":\"Michael Strasser\"}}]}<\/script>\n<!-- \/ Yoast SEO plugin. -->","yoast_head_json":{"title":"UN Klimakonferenz - Michael Strasser","robots":{"index":"index","follow":"follow","max-snippet":"max-snippet:-1","max-image-preview":"max-image-preview:large","max-video-preview":"max-video-preview:-1"},"canonical":"https:\/\/strassermichael.at\/de\/news\/2019\/01\/un-klimakonferenz\/","og_locale":"de_DE","og_type":"article","og_title":"UN Klimakonferenz - Michael Strasser","og_description":"Es war mir eine gro\u00dfe Ehre bei der UN Klimakonferenz in Katovice\/Polen sprechen zu d\u00fcrfen &#8211; es f\u00fchlt sich an, als w\u00fcrde ein kleiner Kindheitstraum in Erf\u00fcllung gehen. Vielen Dank an Frau Minister Elisabeth K\u00f6stinger f\u00fcr die Einladung. Um jeglichen Spekulationen gleich entgegen zu treten &#8211; ich bin, und m\u00f6chte auch nie, ein Politiker sein [&hellip;]","og_url":"https:\/\/strassermichael.at\/de\/news\/2019\/01\/un-klimakonferenz\/","og_site_name":"Michael Strasser","article_publisher":"https:\/\/www.facebook.com\/Michael-Strasser-1525646607758167\/","article_published_time":"2019-01-03T16:59:30+00:00","article_modified_time":"2019-01-07T17:00:14+00:00","og_image":[{"width":400,"height":400,"url":"https:\/\/strassermichael.at\/wp-content\/uploads\/2019\/01\/un_klimakonferenz_f.jpg","type":"image\/jpeg"}],"author":"Michael Strasser","twitter_card":"summary_large_image","twitter_misc":{"Verfasst von":"Michael Strasser","Gesch\u00e4tzte Lesezeit":"1\u00a0Minute"},"schema":{"@context":"https:\/\/schema.org","@graph":[{"@type":"WebPage","@id":"https:\/\/strassermichael.at\/de\/news\/2019\/01\/un-klimakonferenz\/","url":"https:\/\/strassermichael.at\/de\/news\/2019\/01\/un-klimakonferenz\/","name":"UN Klimakonferenz - Michael Strasser","isPartOf":{"@id":"https:\/\/strassermichael.at\/de\/#website"},"datePublished":"2019-01-03T16:59:30+00:00","dateModified":"2019-01-07T17:00:14+00:00","author":{"@id":"https:\/\/strassermichael.at\/de\/#\/schema\/person\/483ba1cdb2b8a5d2a36a76011d5abb92"},"breadcrumb":{"@id":"https:\/\/strassermichael.at\/de\/news\/2019\/01\/un-klimakonferenz\/#breadcrumb"},"inLanguage":"de","potentialAction":[{"@type":"ReadAction","target":["https:\/\/strassermichael.at\/de\/news\/2019\/01\/un-klimakonferenz\/"]}]},{"@type":"BreadcrumbList","@id":"https:\/\/strassermichael.at\/de\/news\/2019\/01\/un-klimakonferenz\/#breadcrumb","itemListElement":[{"@type":"ListItem","position":1,"name":"Startseite","item":"https:\/\/strassermichael.at\/de\/"},{"@type":"ListItem","position":2,"name":"UN Klimakonferenz"}]},{"@type":"WebSite","@id":"https:\/\/strassermichael.at\/de\/#website","url":"https:\/\/strassermichael.at\/de\/","name":"Michael Strasser","description":"","potentialAction":[{"@type":"SearchAction","target":{"@type":"EntryPoint","urlTemplate":"https:\/\/strassermichael.at\/de\/?s={search_term_string}"},"query-input":"required name=search_term_string"}],"inLanguage":"de"},{"@type":"Person","@id":"https:\/\/strassermichael.at\/de\/#\/schema\/person\/483ba1cdb2b8a5d2a36a76011d5abb92","name":"Michael Strasser","image":{"@type":"ImageObject","inLanguage":"de","@id":"https:\/\/strassermichael.at\/de\/#\/schema\/person\/image\/","url":"https:\/\/secure.gravatar.com\/avatar\/15d9f500f8a64e24a7256a9a6adcbafb?s=96&d=mm&r=g","contentUrl":"https:\/\/secure.gravatar.com\/avatar\/15d9f500f8a64e24a7256a9a6adcbafb?s=96&d=mm&r=g","caption":"Michael Strasser"}}]}},"jetpack_featured_media_url":"https:\/\/strassermichael.at\/wp-content\/uploads\/2019\/01\/un_klimakonferenz_f.jpg","_links":{"self":[{"href":"https:\/\/strassermichael.at\/de\/wp-json\/wp\/v2\/posts\/8094"}],"collection":[{"href":"https:\/\/strassermichael.at\/de\/wp-json\/wp\/v2\/posts"}],"about":[{"href":"https:\/\/strassermichael.at\/de\/wp-json\/wp\/v2\/types\/post"}],"author":[{"embeddable":true,"href":"https:\/\/strassermichael.at\/de\/wp-json\/wp\/v2\/users\/2"}],"replies":[{"embeddable":true,"href":"https:\/\/strassermichael.at\/de\/wp-json\/wp\/v2\/comments?post=8094"}],"version-history":[{"count":1,"href":"https:\/\/strassermichael.at\/de\/wp-json\/wp\/v2\/posts\/8094\/revisions"}],"predecessor-version":[{"id":8095,"href":"https:\/\/strassermichael.at\/de\/wp-json\/wp\/v2\/posts\/8094\/revisions\/8095"}],"wp:featuredmedia":[{"embeddable":true,"href":"https:\/\/strassermichael.at\/de\/wp-json\/wp\/v2\/media\/8080"}],"wp:attachment":[{"href":"https:\/\/strassermichael.at\/de\/wp-json\/wp\/v2\/media?parent=8094"}],"wp:term":[{"taxonomy":"category","embeddable":true,"href":"https:\/\/strassermichael.at\/de\/wp-json\/wp\/v2\/categories?post=8094"},{"taxonomy":"post_tag","embeddable":true,"href":"https:\/\/strassermichael.at\/de\/wp-json\/wp\/v2\/tags?post=8094"}],"curies":[{"name":"wp","href":"https:\/\/api.w.org\/{rel}","templated":true}]}}