{"id":837,"date":"2013-01-30T11:27:55","date_gmt":"2013-01-30T10:27:55","guid":{"rendered":"http:\/\/www.strassermichael.at\/?p=837"},"modified":"2013-02-03T20:03:47","modified_gmt":"2013-02-03T19:03:47","slug":"obergurgl_2-0","status":"publish","type":"post","link":"https:\/\/strassermichael.at\/de\/news\/2013\/01\/obergurgl_2-0\/","title":{"rendered":"obergurgl 2.0"},"content":{"rendered":"<p>vor kurzem setzte ich den\u00a0zweiten trainingsblock dieser saison, nach langer abstinenz wieder mit tourenski. nachdem mitte j\u00e4nner hochalpin eher wenig (bis nichts)\u00a0los ist, darf man sich von 5st\u00fcndigem dauerspuren auch nicht abschrecken lassen, sp\u00e4testens beim koppellauf sp\u00fcrte\u00a0ichs dann schon deutlich&#8230; aber was gibt es sch\u00f6neres, als sich in der fr\u00fch kaum bewegen zu k\u00f6nnen?<\/p>\n","protected":false},"excerpt":{"rendered":"<p>vor kurzem setzte ich den\u00a0zweiten trainingsblock dieser saison, nach langer abstinenz wieder mit tourenski. nachdem mitte j\u00e4nner hochalpin eher wenig (bis nichts)\u00a0los ist, darf man sich von 5st\u00fcndigem dauerspuren auch nicht abschrecken lassen, sp\u00e4testens beim koppellauf sp\u00fcrte\u00a0ichs dann schon deutlich&#8230; aber was gibt es sch\u00f6neres, als sich in der fr\u00fch kaum bewegen zu k\u00f6nnen?<\/p>\n","protected":false},"author":2,"featured_media":838,"comment_status":"open","ping_status":"open","sticky":false,"template":"","format":"standard","meta":{"spay_email":""},"categories":[3,4],"tags":[],"acf":[],"yoast_head":"<!-- This site is optimized with the Yoast SEO plugin v19.13 - https:\/\/yoast.com\/wordpress\/plugins\/seo\/ -->\n<title>obergurgl 2.0 - Michael Strasser<\/title>\n<meta name=\"robots\" content=\"index, follow, max-snippet:-1, max-image-preview:large, max-video-preview:-1\" \/>\n<link rel=\"canonical\" href=\"https:\/\/strassermichael.at\/es\/news\/2013\/01\/obergurgl_2-0\/\" \/>\n<meta property=\"og:locale\" content=\"de_DE\" \/>\n<meta property=\"og:type\" content=\"article\" \/>\n<meta property=\"og:title\" content=\"obergurgl 2.0 - Michael Strasser\" \/>\n<meta property=\"og:description\" content=\"vor kurzem setzte ich den\u00a0zweiten trainingsblock dieser saison, nach langer abstinenz wieder mit tourenski. nachdem mitte j\u00e4nner hochalpin eher wenig (bis nichts)\u00a0los ist, darf man sich von 5st\u00fcndigem dauerspuren auch nicht abschrecken lassen, sp\u00e4testens beim koppellauf sp\u00fcrte\u00a0ichs dann schon deutlich&#8230; aber was gibt es sch\u00f6neres, als sich in der fr\u00fch kaum bewegen zu k\u00f6nnen?\" \/>\n<meta property=\"og:url\" content=\"https:\/\/strassermichael.at\/es\/news\/2013\/01\/obergurgl_2-0\/\" \/>\n<meta property=\"og:site_name\" content=\"Michael Strasser\" \/>\n<meta property=\"article:publisher\" content=\"https:\/\/www.facebook.com\/Michael-Strasser-1525646607758167\/\" \/>\n<meta property=\"article:published_time\" content=\"2013-01-30T10:27:55+00:00\" \/>\n<meta property=\"article:modified_time\" content=\"2013-02-03T19:03:47+00:00\" \/>\n<meta property=\"og:image\" content=\"https:\/\/strassermichael.at\/wp-content\/uploads\/2013\/01\/IMG_0281-1024x768.jpg\" \/>\n\t<meta property=\"og:image:width\" content=\"1024\" \/>\n\t<meta property=\"og:image:height\" content=\"768\" \/>\n\t<meta property=\"og:image:type\" content=\"image\/jpeg\" \/>\n<meta name=\"author\" content=\"Michael Strasser\" \/>\n<meta name=\"twitter:card\" content=\"summary_large_image\" \/>\n<meta name=\"twitter:label1\" content=\"Verfasst von\" \/>\n\t<meta name=\"twitter:data1\" content=\"Michael Strasser\" \/>\n<script type=\"application\/ld+json\" class=\"yoast-schema-graph\">{\"@context\":\"https:\/\/schema.org\",\"@graph\":[{\"@type\":\"WebPage\",\"@id\":\"https:\/\/strassermichael.at\/es\/news\/2013\/01\/obergurgl_2-0\/\",\"url\":\"https:\/\/strassermichael.at\/es\/news\/2013\/01\/obergurgl_2-0\/\",\"name\":\"obergurgl 2.0 - Michael Strasser\",\"isPartOf\":{\"@id\":\"https:\/\/strassermichael.at\/de\/#website\"},\"datePublished\":\"2013-01-30T10:27:55+00:00\",\"dateModified\":\"2013-02-03T19:03:47+00:00\",\"author\":{\"@id\":\"https:\/\/strassermichael.at\/de\/#\/schema\/person\/483ba1cdb2b8a5d2a36a76011d5abb92\"},\"breadcrumb\":{\"@id\":\"https:\/\/strassermichael.at\/es\/news\/2013\/01\/obergurgl_2-0\/#breadcrumb\"},\"inLanguage\":\"de\",\"potentialAction\":[{\"@type\":\"ReadAction\",\"target\":[\"https:\/\/strassermichael.at\/es\/news\/2013\/01\/obergurgl_2-0\/\"]}]},{\"@type\":\"BreadcrumbList\",\"@id\":\"https:\/\/strassermichael.at\/es\/news\/2013\/01\/obergurgl_2-0\/#breadcrumb\",\"itemListElement\":[{\"@type\":\"ListItem\",\"position\":1,\"name\":\"Startseite\",\"item\":\"https:\/\/strassermichael.at\/de\/\"},{\"@type\":\"ListItem\",\"position\":2,\"name\":\"obergurgl 2.0\"}]},{\"@type\":\"WebSite\",\"@id\":\"https:\/\/strassermichael.at\/de\/#website\",\"url\":\"https:\/\/strassermichael.at\/de\/\",\"name\":\"Michael Strasser\",\"description\":\"\",\"potentialAction\":[{\"@type\":\"SearchAction\",\"target\":{\"@type\":\"EntryPoint\",\"urlTemplate\":\"https:\/\/strassermichael.at\/de\/?s={search_term_string}\"},\"query-input\":\"required name=search_term_string\"}],\"inLanguage\":\"de\"},{\"@type\":\"Person\",\"@id\":\"https:\/\/strassermichael.at\/de\/#\/schema\/person\/483ba1cdb2b8a5d2a36a76011d5abb92\",\"name\":\"Michael Strasser\",\"image\":{\"@type\":\"ImageObject\",\"inLanguage\":\"de\",\"@id\":\"https:\/\/strassermichael.at\/de\/#\/schema\/person\/image\/\",\"url\":\"https:\/\/secure.gravatar.com\/avatar\/15d9f500f8a64e24a7256a9a6adcbafb?s=96&d=mm&r=g\",\"contentUrl\":\"https:\/\/secure.gravatar.com\/avatar\/15d9f500f8a64e24a7256a9a6adcbafb?s=96&d=mm&r=g\",\"caption\":\"Michael Strasser\"}}]}<\/script>\n<!-- \/ Yoast SEO plugin. -->","yoast_head_json":{"title":"obergurgl 2.0 - Michael Strasser","robots":{"index":"index","follow":"follow","max-snippet":"max-snippet:-1","max-image-preview":"max-image-preview:large","max-video-preview":"max-video-preview:-1"},"canonical":"https:\/\/strassermichael.at\/es\/news\/2013\/01\/obergurgl_2-0\/","og_locale":"de_DE","og_type":"article","og_title":"obergurgl 2.0 - Michael Strasser","og_description":"vor kurzem setzte ich den\u00a0zweiten trainingsblock dieser saison, nach langer abstinenz wieder mit tourenski. nachdem mitte j\u00e4nner hochalpin eher wenig (bis nichts)\u00a0los ist, darf man sich von 5st\u00fcndigem dauerspuren auch nicht abschrecken lassen, sp\u00e4testens beim koppellauf sp\u00fcrte\u00a0ichs dann schon deutlich&#8230; aber was gibt es sch\u00f6neres, als sich in der fr\u00fch kaum bewegen zu k\u00f6nnen?","og_url":"https:\/\/strassermichael.at\/es\/news\/2013\/01\/obergurgl_2-0\/","og_site_name":"Michael Strasser","article_publisher":"https:\/\/www.facebook.com\/Michael-Strasser-1525646607758167\/","article_published_time":"2013-01-30T10:27:55+00:00","article_modified_time":"2013-02-03T19:03:47+00:00","og_image":[{"width":1024,"height":768,"url":"https:\/\/strassermichael.at\/wp-content\/uploads\/2013\/01\/IMG_0281-1024x768.jpg","type":"image\/jpeg"}],"author":"Michael Strasser","twitter_card":"summary_large_image","twitter_misc":{"Verfasst von":"Michael Strasser"},"schema":{"@context":"https:\/\/schema.org","@graph":[{"@type":"WebPage","@id":"https:\/\/strassermichael.at\/es\/news\/2013\/01\/obergurgl_2-0\/","url":"https:\/\/strassermichael.at\/es\/news\/2013\/01\/obergurgl_2-0\/","name":"obergurgl 2.0 - Michael Strasser","isPartOf":{"@id":"https:\/\/strassermichael.at\/de\/#website"},"datePublished":"2013-01-30T10:27:55+00:00","dateModified":"2013-02-03T19:03:47+00:00","author":{"@id":"https:\/\/strassermichael.at\/de\/#\/schema\/person\/483ba1cdb2b8a5d2a36a76011d5abb92"},"breadcrumb":{"@id":"https:\/\/strassermichael.at\/es\/news\/2013\/01\/obergurgl_2-0\/#breadcrumb"},"inLanguage":"de","potentialAction":[{"@type":"ReadAction","target":["https:\/\/strassermichael.at\/es\/news\/2013\/01\/obergurgl_2-0\/"]}]},{"@type":"BreadcrumbList","@id":"https:\/\/strassermichael.at\/es\/news\/2013\/01\/obergurgl_2-0\/#breadcrumb","itemListElement":[{"@type":"ListItem","position":1,"name":"Startseite","item":"https:\/\/strassermichael.at\/de\/"},{"@type":"ListItem","position":2,"name":"obergurgl 2.0"}]},{"@type":"WebSite","@id":"https:\/\/strassermichael.at\/de\/#website","url":"https:\/\/strassermichael.at\/de\/","name":"Michael Strasser","description":"","potentialAction":[{"@type":"SearchAction","target":{"@type":"EntryPoint","urlTemplate":"https:\/\/strassermichael.at\/de\/?s={search_term_string}"},"query-input":"required name=search_term_string"}],"inLanguage":"de"},{"@type":"Person","@id":"https:\/\/strassermichael.at\/de\/#\/schema\/person\/483ba1cdb2b8a5d2a36a76011d5abb92","name":"Michael Strasser","image":{"@type":"ImageObject","inLanguage":"de","@id":"https:\/\/strassermichael.at\/de\/#\/schema\/person\/image\/","url":"https:\/\/secure.gravatar.com\/avatar\/15d9f500f8a64e24a7256a9a6adcbafb?s=96&d=mm&r=g","contentUrl":"https:\/\/secure.gravatar.com\/avatar\/15d9f500f8a64e24a7256a9a6adcbafb?s=96&d=mm&r=g","caption":"Michael Strasser"}}]}},"jetpack_featured_media_url":"https:\/\/strassermichael.at\/wp-content\/uploads\/2013\/01\/IMG_0281.jpg","_links":{"self":[{"href":"https:\/\/strassermichael.at\/de\/wp-json\/wp\/v2\/posts\/837"}],"collection":[{"href":"https:\/\/strassermichael.at\/de\/wp-json\/wp\/v2\/posts"}],"about":[{"href":"https:\/\/strassermichael.at\/de\/wp-json\/wp\/v2\/types\/post"}],"author":[{"embeddable":true,"href":"https:\/\/strassermichael.at\/de\/wp-json\/wp\/v2\/users\/2"}],"replies":[{"embeddable":true,"href":"https:\/\/strassermichael.at\/de\/wp-json\/wp\/v2\/comments?post=837"}],"version-history":[{"count":8,"href":"https:\/\/strassermichael.at\/de\/wp-json\/wp\/v2\/posts\/837\/revisions"}],"predecessor-version":[{"id":843,"href":"https:\/\/strassermichael.at\/de\/wp-json\/wp\/v2\/posts\/837\/revisions\/843"}],"wp:featuredmedia":[{"embeddable":true,"href":"https:\/\/strassermichael.at\/de\/wp-json\/wp\/v2\/media\/838"}],"wp:attachment":[{"href":"https:\/\/strassermichael.at\/de\/wp-json\/wp\/v2\/media?parent=837"}],"wp:term":[{"taxonomy":"category","embeddable":true,"href":"https:\/\/strassermichael.at\/de\/wp-json\/wp\/v2\/categories?post=837"},{"taxonomy":"post_tag","embeddable":true,"href":"https:\/\/strassermichael.at\/de\/wp-json\/wp\/v2\/tags?post=837"}],"curies":[{"name":"wp","href":"https:\/\/api.w.org\/{rel}","templated":true}]}}