{"id":84,"date":"2011-08-27T15:34:15","date_gmt":"2011-08-27T13:34:15","guid":{"rendered":"http:\/\/www.strassermichael.at\/?p=84"},"modified":"2012-08-04T10:56:34","modified_gmt":"2012-08-04T08:56:34","slug":"podersdorf","status":"publish","type":"post","link":"https:\/\/strassermichael.at\/de\/news\/2011\/08\/podersdorf\/","title":{"rendered":"podersdorf 2011 &#8211; staatsmeisterschaft"},"content":{"rendered":"<p>schon vor dem start war klar, dass bei diesen lauschigen wunsch-bedingungen erst zum ende hin abgerechnet werden wird, also cool down, sonnenaufgang genie\u00dfen. nach einem entspannt, passablen schwimmen musste ich mich am rad schwer beherrschen, mein temprament nicht zum ausdruck zu bringen. brav zog ich meine schultern ein, verhinderte mit gl\u00fcck einen frontalen, nachdem mich ein autofahrer seitlich touchiert hatte, trank meine zw\u00f6lf flaschen und versuchte auf andere gedanken zu kommen\u2026. <em>wird mich das beobachten von v\u00f6geln auch einmal erf\u00fcllen? werde ich im alter auch einmal einem reisebus entsteigen um gem\u00fcse zu besichtigen?\u00a0 und was w\u00e4re, wenn ich einfach auf einen cafe stehen bleiben w\u00fcrd?<\/em>\u2026. schon alleine die vorstellung diesen charmanten kurs nur mehr 3,2,1 mal fahren zu d\u00fcrfen, war motivation genug, mich auf der letzten ausreichend zu verabschieden. beim laufen wars beunruhigend locker, die ersten zwei runden direkt fad. aus dem gesicht meiner gef\u00e4hrten war unmissverst\u00e4ndlich zu lesen, ruhe bewahren der rest passiert von alleine. erst in der letzten runde musste ich mental das erste k\u00e4stchen \u00f6ffen\u2026 9:32, platz 7\u2026 sch\u00f6n, das erste mal die ps auf den boden gebracht zu haben.<\/p>\n\n\t\t<style type=\"text\/css\">\n\t\t\t#gallery-1 {\n\t\t\t\tmargin: auto;\n\t\t\t}\n\t\t\t#gallery-1 .gallery-item {\n\t\t\t\tfloat: left;\n\t\t\t\tmargin-top: 10px;\n\t\t\t\ttext-align: center;\n\t\t\t\twidth: 33%;\n\t\t\t}\n\t\t\t#gallery-1 img {\n\t\t\t\tborder: 2px solid #cfcfcf;\n\t\t\t}\n\t\t\t#gallery-1 .gallery-caption {\n\t\t\t\tmargin-left: 0;\n\t\t\t}\n\t\t\t\/* see gallery_shortcode() in wp-includes\/media.php *\/\n\t\t<\/style>\n\t\t<div id='gallery-1' class='gallery galleryid-84 gallery-columns-3 gallery-size-thumbnail'><dl class='gallery-item'>\n\t\t\t<dt class='gallery-icon portrait'>\n\t\t\t\t<a href='https:\/\/strassermichael.at\/wp-content\/uploads\/2011\/08\/michael_lauf_podo2011.jpg'><img width=\"250\" height=\"250\" src=\"https:\/\/strassermichael.at\/wp-content\/uploads\/2011\/08\/michael_lauf_podo2011-250x250.jpg\" class=\"attachment-thumbnail size-thumbnail\" alt=\"\" loading=\"lazy\" \/><\/a>\n\t\t\t<\/dt><\/dl><dl class='gallery-item'>\n\t\t\t<dt class='gallery-icon landscape'>\n\t\t\t\t<a href='https:\/\/strassermichael.at\/wp-content\/uploads\/2011\/08\/2.jpg'><img width=\"250\" height=\"250\" src=\"https:\/\/strassermichael.at\/wp-content\/uploads\/2011\/08\/2-250x250.jpg\" class=\"attachment-thumbnail size-thumbnail\" alt=\"\" loading=\"lazy\" \/><\/a>\n\t\t\t<\/dt><\/dl>\n\t\t\t<br style='clear: both' \/>\n\t\t<\/div>\n\n","protected":false},"excerpt":{"rendered":"<p>schon vor dem start war klar, dass bei diesen lauschigen wunsch-bedingungen erst zum ende hin abgerechnet werden wird, also cool down, sonnenaufgang genie\u00dfen. nach einem entspannt, passablen schwimmen musste ich mich am rad schwer beherrschen, mein temprament nicht zum ausdruck zu bringen. brav zog ich meine schultern ein, verhinderte mit gl\u00fcck einen frontalen, nachdem mich [&hellip;]<\/p>\n","protected":false},"author":2,"featured_media":106,"comment_status":"open","ping_status":"open","sticky":false,"template":"","format":"standard","meta":{"spay_email":""},"categories":[3,4],"tags":[],"acf":[],"yoast_head":"<!-- This site is optimized with the Yoast SEO plugin v19.13 - https:\/\/yoast.com\/wordpress\/plugins\/seo\/ -->\n<title>podersdorf 2011 - staatsmeisterschaft - Michael Strasser<\/title>\n<meta name=\"robots\" content=\"index, follow, max-snippet:-1, max-image-preview:large, max-video-preview:-1\" \/>\n<link rel=\"canonical\" href=\"https:\/\/strassermichael.at\/es\/news\/2011\/08\/podersdorf\/\" \/>\n<meta property=\"og:locale\" content=\"de_DE\" \/>\n<meta property=\"og:type\" content=\"article\" \/>\n<meta property=\"og:title\" content=\"podersdorf 2011 - staatsmeisterschaft - Michael Strasser\" \/>\n<meta property=\"og:description\" content=\"schon vor dem start war klar, dass bei diesen lauschigen wunsch-bedingungen erst zum ende hin abgerechnet werden wird, also cool down, sonnenaufgang genie\u00dfen. nach einem entspannt, passablen schwimmen musste ich mich am rad schwer beherrschen, mein temprament nicht zum ausdruck zu bringen. brav zog ich meine schultern ein, verhinderte mit gl\u00fcck einen frontalen, nachdem mich [&hellip;]\" \/>\n<meta property=\"og:url\" content=\"https:\/\/strassermichael.at\/es\/news\/2011\/08\/podersdorf\/\" \/>\n<meta property=\"og:site_name\" content=\"Michael Strasser\" \/>\n<meta property=\"article:publisher\" content=\"https:\/\/www.facebook.com\/Michael-Strasser-1525646607758167\/\" \/>\n<meta property=\"article:published_time\" content=\"2011-08-27T13:34:15+00:00\" \/>\n<meta property=\"article:modified_time\" content=\"2012-08-04T08:56:34+00:00\" \/>\n<meta property=\"og:image\" content=\"https:\/\/strassermichael.at\/wp-content\/uploads\/2011\/08\/michael_am_rad_podo2011-1024x680.jpg\" \/>\n\t<meta property=\"og:image:width\" content=\"1024\" \/>\n\t<meta property=\"og:image:height\" content=\"680\" \/>\n\t<meta property=\"og:image:type\" content=\"image\/jpeg\" \/>\n<meta name=\"author\" content=\"Michael Strasser\" \/>\n<meta name=\"twitter:card\" content=\"summary_large_image\" \/>\n<meta name=\"twitter:label1\" content=\"Verfasst von\" \/>\n\t<meta name=\"twitter:data1\" content=\"Michael Strasser\" \/>\n\t<meta name=\"twitter:label2\" content=\"Gesch\u00e4tzte Lesezeit\" \/>\n\t<meta name=\"twitter:data2\" content=\"1\u00a0Minute\" \/>\n<script type=\"application\/ld+json\" class=\"yoast-schema-graph\">{\"@context\":\"https:\/\/schema.org\",\"@graph\":[{\"@type\":\"WebPage\",\"@id\":\"https:\/\/strassermichael.at\/es\/news\/2011\/08\/podersdorf\/\",\"url\":\"https:\/\/strassermichael.at\/es\/news\/2011\/08\/podersdorf\/\",\"name\":\"podersdorf 2011 - staatsmeisterschaft - Michael Strasser\",\"isPartOf\":{\"@id\":\"https:\/\/strassermichael.at\/de\/#website\"},\"datePublished\":\"2011-08-27T13:34:15+00:00\",\"dateModified\":\"2012-08-04T08:56:34+00:00\",\"author\":{\"@id\":\"https:\/\/strassermichael.at\/de\/#\/schema\/person\/483ba1cdb2b8a5d2a36a76011d5abb92\"},\"breadcrumb\":{\"@id\":\"https:\/\/strassermichael.at\/es\/news\/2011\/08\/podersdorf\/#breadcrumb\"},\"inLanguage\":\"de\",\"potentialAction\":[{\"@type\":\"ReadAction\",\"target\":[\"https:\/\/strassermichael.at\/es\/news\/2011\/08\/podersdorf\/\"]}]},{\"@type\":\"BreadcrumbList\",\"@id\":\"https:\/\/strassermichael.at\/es\/news\/2011\/08\/podersdorf\/#breadcrumb\",\"itemListElement\":[{\"@type\":\"ListItem\",\"position\":1,\"name\":\"Startseite\",\"item\":\"https:\/\/strassermichael.at\/de\/\"},{\"@type\":\"ListItem\",\"position\":2,\"name\":\"podersdorf 2011 &#8211; staatsmeisterschaft\"}]},{\"@type\":\"WebSite\",\"@id\":\"https:\/\/strassermichael.at\/de\/#website\",\"url\":\"https:\/\/strassermichael.at\/de\/\",\"name\":\"Michael Strasser\",\"description\":\"\",\"potentialAction\":[{\"@type\":\"SearchAction\",\"target\":{\"@type\":\"EntryPoint\",\"urlTemplate\":\"https:\/\/strassermichael.at\/de\/?s={search_term_string}\"},\"query-input\":\"required name=search_term_string\"}],\"inLanguage\":\"de\"},{\"@type\":\"Person\",\"@id\":\"https:\/\/strassermichael.at\/de\/#\/schema\/person\/483ba1cdb2b8a5d2a36a76011d5abb92\",\"name\":\"Michael Strasser\",\"image\":{\"@type\":\"ImageObject\",\"inLanguage\":\"de\",\"@id\":\"https:\/\/strassermichael.at\/de\/#\/schema\/person\/image\/\",\"url\":\"https:\/\/secure.gravatar.com\/avatar\/15d9f500f8a64e24a7256a9a6adcbafb?s=96&d=mm&r=g\",\"contentUrl\":\"https:\/\/secure.gravatar.com\/avatar\/15d9f500f8a64e24a7256a9a6adcbafb?s=96&d=mm&r=g\",\"caption\":\"Michael Strasser\"}}]}<\/script>\n<!-- \/ Yoast SEO plugin. -->","yoast_head_json":{"title":"podersdorf 2011 - staatsmeisterschaft - Michael Strasser","robots":{"index":"index","follow":"follow","max-snippet":"max-snippet:-1","max-image-preview":"max-image-preview:large","max-video-preview":"max-video-preview:-1"},"canonical":"https:\/\/strassermichael.at\/es\/news\/2011\/08\/podersdorf\/","og_locale":"de_DE","og_type":"article","og_title":"podersdorf 2011 - staatsmeisterschaft - Michael Strasser","og_description":"schon vor dem start war klar, dass bei diesen lauschigen wunsch-bedingungen erst zum ende hin abgerechnet werden wird, also cool down, sonnenaufgang genie\u00dfen. nach einem entspannt, passablen schwimmen musste ich mich am rad schwer beherrschen, mein temprament nicht zum ausdruck zu bringen. brav zog ich meine schultern ein, verhinderte mit gl\u00fcck einen frontalen, nachdem mich [&hellip;]","og_url":"https:\/\/strassermichael.at\/es\/news\/2011\/08\/podersdorf\/","og_site_name":"Michael Strasser","article_publisher":"https:\/\/www.facebook.com\/Michael-Strasser-1525646607758167\/","article_published_time":"2011-08-27T13:34:15+00:00","article_modified_time":"2012-08-04T08:56:34+00:00","og_image":[{"width":1024,"height":680,"url":"https:\/\/strassermichael.at\/wp-content\/uploads\/2011\/08\/michael_am_rad_podo2011-1024x680.jpg","type":"image\/jpeg"}],"author":"Michael Strasser","twitter_card":"summary_large_image","twitter_misc":{"Verfasst von":"Michael Strasser","Gesch\u00e4tzte Lesezeit":"1\u00a0Minute"},"schema":{"@context":"https:\/\/schema.org","@graph":[{"@type":"WebPage","@id":"https:\/\/strassermichael.at\/es\/news\/2011\/08\/podersdorf\/","url":"https:\/\/strassermichael.at\/es\/news\/2011\/08\/podersdorf\/","name":"podersdorf 2011 - staatsmeisterschaft - Michael Strasser","isPartOf":{"@id":"https:\/\/strassermichael.at\/de\/#website"},"datePublished":"2011-08-27T13:34:15+00:00","dateModified":"2012-08-04T08:56:34+00:00","author":{"@id":"https:\/\/strassermichael.at\/de\/#\/schema\/person\/483ba1cdb2b8a5d2a36a76011d5abb92"},"breadcrumb":{"@id":"https:\/\/strassermichael.at\/es\/news\/2011\/08\/podersdorf\/#breadcrumb"},"inLanguage":"de","potentialAction":[{"@type":"ReadAction","target":["https:\/\/strassermichael.at\/es\/news\/2011\/08\/podersdorf\/"]}]},{"@type":"BreadcrumbList","@id":"https:\/\/strassermichael.at\/es\/news\/2011\/08\/podersdorf\/#breadcrumb","itemListElement":[{"@type":"ListItem","position":1,"name":"Startseite","item":"https:\/\/strassermichael.at\/de\/"},{"@type":"ListItem","position":2,"name":"podersdorf 2011 &#8211; staatsmeisterschaft"}]},{"@type":"WebSite","@id":"https:\/\/strassermichael.at\/de\/#website","url":"https:\/\/strassermichael.at\/de\/","name":"Michael Strasser","description":"","potentialAction":[{"@type":"SearchAction","target":{"@type":"EntryPoint","urlTemplate":"https:\/\/strassermichael.at\/de\/?s={search_term_string}"},"query-input":"required name=search_term_string"}],"inLanguage":"de"},{"@type":"Person","@id":"https:\/\/strassermichael.at\/de\/#\/schema\/person\/483ba1cdb2b8a5d2a36a76011d5abb92","name":"Michael Strasser","image":{"@type":"ImageObject","inLanguage":"de","@id":"https:\/\/strassermichael.at\/de\/#\/schema\/person\/image\/","url":"https:\/\/secure.gravatar.com\/avatar\/15d9f500f8a64e24a7256a9a6adcbafb?s=96&d=mm&r=g","contentUrl":"https:\/\/secure.gravatar.com\/avatar\/15d9f500f8a64e24a7256a9a6adcbafb?s=96&d=mm&r=g","caption":"Michael Strasser"}}]}},"jetpack_featured_media_url":"https:\/\/strassermichael.at\/wp-content\/uploads\/2011\/08\/michael_am_rad_podo2011.jpg","_links":{"self":[{"href":"https:\/\/strassermichael.at\/de\/wp-json\/wp\/v2\/posts\/84"}],"collection":[{"href":"https:\/\/strassermichael.at\/de\/wp-json\/wp\/v2\/posts"}],"about":[{"href":"https:\/\/strassermichael.at\/de\/wp-json\/wp\/v2\/types\/post"}],"author":[{"embeddable":true,"href":"https:\/\/strassermichael.at\/de\/wp-json\/wp\/v2\/users\/2"}],"replies":[{"embeddable":true,"href":"https:\/\/strassermichael.at\/de\/wp-json\/wp\/v2\/comments?post=84"}],"version-history":[{"count":10,"href":"https:\/\/strassermichael.at\/de\/wp-json\/wp\/v2\/posts\/84\/revisions"}],"predecessor-version":[{"id":132,"href":"https:\/\/strassermichael.at\/de\/wp-json\/wp\/v2\/posts\/84\/revisions\/132"}],"wp:featuredmedia":[{"embeddable":true,"href":"https:\/\/strassermichael.at\/de\/wp-json\/wp\/v2\/media\/106"}],"wp:attachment":[{"href":"https:\/\/strassermichael.at\/de\/wp-json\/wp\/v2\/media?parent=84"}],"wp:term":[{"taxonomy":"category","embeddable":true,"href":"https:\/\/strassermichael.at\/de\/wp-json\/wp\/v2\/categories?post=84"},{"taxonomy":"post_tag","embeddable":true,"href":"https:\/\/strassermichael.at\/de\/wp-json\/wp\/v2\/tags?post=84"}],"curies":[{"name":"wp","href":"https:\/\/api.w.org\/{rel}","templated":true}]}}