{"id":865,"date":"2013-03-06T14:54:25","date_gmt":"2013-03-06T13:54:25","guid":{"rendered":"http:\/\/www.strassermichael.at\/?p=865"},"modified":"2013-03-08T20:44:44","modified_gmt":"2013-03-08T19:44:44","slug":"tenerife","status":"publish","type":"post","link":"https:\/\/strassermichael.at\/de\/news\/2013\/03\/tenerife\/","title":{"rendered":"tenerife"},"content":{"rendered":"<p>als willkommene abwechslung zu den schneeglatten stra\u00dfen \u00f6sterreichs durfte ich gemeinsam mit meinem ausr\u00fcster cocoon meiner liebe f\u00fcrs bergfahren auf teneriffa fr\u00f6hnen&#8230; ein jeder nachmittags-hunderter hat dort gleich mal 3000hm, ein 180er runderl gleich mal 4400hm &#8230;. rundum optimale trainingsbedingungen findet man im T3, ein topmodernes leistungssportzentrum, 50er, 25er, str\u00f6mungskanal, eisenbei\u00dferkammerl mit meerblick,&#8230;<\/p>\n","protected":false},"excerpt":{"rendered":"<p>als willkommene abwechslung zu den schneeglatten stra\u00dfen \u00f6sterreichs durfte ich gemeinsam mit meinem ausr\u00fcster cocoon meiner liebe f\u00fcrs bergfahren auf teneriffa fr\u00f6hnen&#8230; ein jeder nachmittags-hunderter hat dort gleich mal 3000hm, ein 180er runderl gleich mal 4400hm &#8230;. rundum optimale trainingsbedingungen findet man im T3, ein topmodernes leistungssportzentrum, 50er, 25er, str\u00f6mungskanal, eisenbei\u00dferkammerl mit meerblick,&#8230;<\/p>\n","protected":false},"author":2,"featured_media":866,"comment_status":"open","ping_status":"open","sticky":false,"template":"","format":"standard","meta":{"spay_email":""},"categories":[4],"tags":[],"acf":[],"yoast_head":"<!-- This site is optimized with the Yoast SEO plugin v19.13 - https:\/\/yoast.com\/wordpress\/plugins\/seo\/ -->\n<title>tenerife - Michael Strasser<\/title>\n<meta name=\"robots\" content=\"index, follow, max-snippet:-1, max-image-preview:large, max-video-preview:-1\" \/>\n<link rel=\"canonical\" href=\"https:\/\/strassermichael.at\/es\/news\/2013\/03\/tenerife\/\" \/>\n<meta property=\"og:locale\" content=\"de_DE\" \/>\n<meta property=\"og:type\" content=\"article\" \/>\n<meta property=\"og:title\" content=\"tenerife - Michael Strasser\" \/>\n<meta property=\"og:description\" content=\"als willkommene abwechslung zu den schneeglatten stra\u00dfen \u00f6sterreichs durfte ich gemeinsam mit meinem ausr\u00fcster cocoon meiner liebe f\u00fcrs bergfahren auf teneriffa fr\u00f6hnen&#8230; ein jeder nachmittags-hunderter hat dort gleich mal 3000hm, ein 180er runderl gleich mal 4400hm &#8230;. rundum optimale trainingsbedingungen findet man im T3, ein topmodernes leistungssportzentrum, 50er, 25er, str\u00f6mungskanal, eisenbei\u00dferkammerl mit meerblick,&#8230;\" \/>\n<meta property=\"og:url\" content=\"https:\/\/strassermichael.at\/es\/news\/2013\/03\/tenerife\/\" \/>\n<meta property=\"og:site_name\" content=\"Michael Strasser\" \/>\n<meta property=\"article:publisher\" content=\"https:\/\/www.facebook.com\/Michael-Strasser-1525646607758167\/\" \/>\n<meta property=\"article:published_time\" content=\"2013-03-06T13:54:25+00:00\" \/>\n<meta property=\"article:modified_time\" content=\"2013-03-08T19:44:44+00:00\" \/>\n<meta property=\"og:image\" content=\"https:\/\/strassermichael.at\/wp-content\/uploads\/2013\/03\/72349_566133490077976_799303571_n.jpg\" \/>\n\t<meta property=\"og:image:width\" content=\"900\" \/>\n\t<meta property=\"og:image:height\" content=\"675\" \/>\n\t<meta property=\"og:image:type\" content=\"image\/jpeg\" \/>\n<meta name=\"author\" content=\"Michael Strasser\" \/>\n<meta name=\"twitter:card\" content=\"summary_large_image\" \/>\n<meta name=\"twitter:label1\" content=\"Verfasst von\" \/>\n\t<meta name=\"twitter:data1\" content=\"Michael Strasser\" \/>\n<script type=\"application\/ld+json\" class=\"yoast-schema-graph\">{\"@context\":\"https:\/\/schema.org\",\"@graph\":[{\"@type\":\"WebPage\",\"@id\":\"https:\/\/strassermichael.at\/es\/news\/2013\/03\/tenerife\/\",\"url\":\"https:\/\/strassermichael.at\/es\/news\/2013\/03\/tenerife\/\",\"name\":\"tenerife - Michael Strasser\",\"isPartOf\":{\"@id\":\"https:\/\/strassermichael.at\/de\/#website\"},\"datePublished\":\"2013-03-06T13:54:25+00:00\",\"dateModified\":\"2013-03-08T19:44:44+00:00\",\"author\":{\"@id\":\"https:\/\/strassermichael.at\/de\/#\/schema\/person\/483ba1cdb2b8a5d2a36a76011d5abb92\"},\"breadcrumb\":{\"@id\":\"https:\/\/strassermichael.at\/es\/news\/2013\/03\/tenerife\/#breadcrumb\"},\"inLanguage\":\"de\",\"potentialAction\":[{\"@type\":\"ReadAction\",\"target\":[\"https:\/\/strassermichael.at\/es\/news\/2013\/03\/tenerife\/\"]}]},{\"@type\":\"BreadcrumbList\",\"@id\":\"https:\/\/strassermichael.at\/es\/news\/2013\/03\/tenerife\/#breadcrumb\",\"itemListElement\":[{\"@type\":\"ListItem\",\"position\":1,\"name\":\"Startseite\",\"item\":\"https:\/\/strassermichael.at\/de\/\"},{\"@type\":\"ListItem\",\"position\":2,\"name\":\"tenerife\"}]},{\"@type\":\"WebSite\",\"@id\":\"https:\/\/strassermichael.at\/de\/#website\",\"url\":\"https:\/\/strassermichael.at\/de\/\",\"name\":\"Michael Strasser\",\"description\":\"\",\"potentialAction\":[{\"@type\":\"SearchAction\",\"target\":{\"@type\":\"EntryPoint\",\"urlTemplate\":\"https:\/\/strassermichael.at\/de\/?s={search_term_string}\"},\"query-input\":\"required name=search_term_string\"}],\"inLanguage\":\"de\"},{\"@type\":\"Person\",\"@id\":\"https:\/\/strassermichael.at\/de\/#\/schema\/person\/483ba1cdb2b8a5d2a36a76011d5abb92\",\"name\":\"Michael Strasser\",\"image\":{\"@type\":\"ImageObject\",\"inLanguage\":\"de\",\"@id\":\"https:\/\/strassermichael.at\/de\/#\/schema\/person\/image\/\",\"url\":\"https:\/\/secure.gravatar.com\/avatar\/15d9f500f8a64e24a7256a9a6adcbafb?s=96&d=mm&r=g\",\"contentUrl\":\"https:\/\/secure.gravatar.com\/avatar\/15d9f500f8a64e24a7256a9a6adcbafb?s=96&d=mm&r=g\",\"caption\":\"Michael Strasser\"}}]}<\/script>\n<!-- \/ Yoast SEO plugin. -->","yoast_head_json":{"title":"tenerife - Michael Strasser","robots":{"index":"index","follow":"follow","max-snippet":"max-snippet:-1","max-image-preview":"max-image-preview:large","max-video-preview":"max-video-preview:-1"},"canonical":"https:\/\/strassermichael.at\/es\/news\/2013\/03\/tenerife\/","og_locale":"de_DE","og_type":"article","og_title":"tenerife - Michael Strasser","og_description":"als willkommene abwechslung zu den schneeglatten stra\u00dfen \u00f6sterreichs durfte ich gemeinsam mit meinem ausr\u00fcster cocoon meiner liebe f\u00fcrs bergfahren auf teneriffa fr\u00f6hnen&#8230; ein jeder nachmittags-hunderter hat dort gleich mal 3000hm, ein 180er runderl gleich mal 4400hm &#8230;. rundum optimale trainingsbedingungen findet man im T3, ein topmodernes leistungssportzentrum, 50er, 25er, str\u00f6mungskanal, eisenbei\u00dferkammerl mit meerblick,&#8230;","og_url":"https:\/\/strassermichael.at\/es\/news\/2013\/03\/tenerife\/","og_site_name":"Michael Strasser","article_publisher":"https:\/\/www.facebook.com\/Michael-Strasser-1525646607758167\/","article_published_time":"2013-03-06T13:54:25+00:00","article_modified_time":"2013-03-08T19:44:44+00:00","og_image":[{"width":900,"height":675,"url":"https:\/\/strassermichael.at\/wp-content\/uploads\/2013\/03\/72349_566133490077976_799303571_n.jpg","type":"image\/jpeg"}],"author":"Michael Strasser","twitter_card":"summary_large_image","twitter_misc":{"Verfasst von":"Michael Strasser"},"schema":{"@context":"https:\/\/schema.org","@graph":[{"@type":"WebPage","@id":"https:\/\/strassermichael.at\/es\/news\/2013\/03\/tenerife\/","url":"https:\/\/strassermichael.at\/es\/news\/2013\/03\/tenerife\/","name":"tenerife - Michael Strasser","isPartOf":{"@id":"https:\/\/strassermichael.at\/de\/#website"},"datePublished":"2013-03-06T13:54:25+00:00","dateModified":"2013-03-08T19:44:44+00:00","author":{"@id":"https:\/\/strassermichael.at\/de\/#\/schema\/person\/483ba1cdb2b8a5d2a36a76011d5abb92"},"breadcrumb":{"@id":"https:\/\/strassermichael.at\/es\/news\/2013\/03\/tenerife\/#breadcrumb"},"inLanguage":"de","potentialAction":[{"@type":"ReadAction","target":["https:\/\/strassermichael.at\/es\/news\/2013\/03\/tenerife\/"]}]},{"@type":"BreadcrumbList","@id":"https:\/\/strassermichael.at\/es\/news\/2013\/03\/tenerife\/#breadcrumb","itemListElement":[{"@type":"ListItem","position":1,"name":"Startseite","item":"https:\/\/strassermichael.at\/de\/"},{"@type":"ListItem","position":2,"name":"tenerife"}]},{"@type":"WebSite","@id":"https:\/\/strassermichael.at\/de\/#website","url":"https:\/\/strassermichael.at\/de\/","name":"Michael Strasser","description":"","potentialAction":[{"@type":"SearchAction","target":{"@type":"EntryPoint","urlTemplate":"https:\/\/strassermichael.at\/de\/?s={search_term_string}"},"query-input":"required name=search_term_string"}],"inLanguage":"de"},{"@type":"Person","@id":"https:\/\/strassermichael.at\/de\/#\/schema\/person\/483ba1cdb2b8a5d2a36a76011d5abb92","name":"Michael Strasser","image":{"@type":"ImageObject","inLanguage":"de","@id":"https:\/\/strassermichael.at\/de\/#\/schema\/person\/image\/","url":"https:\/\/secure.gravatar.com\/avatar\/15d9f500f8a64e24a7256a9a6adcbafb?s=96&d=mm&r=g","contentUrl":"https:\/\/secure.gravatar.com\/avatar\/15d9f500f8a64e24a7256a9a6adcbafb?s=96&d=mm&r=g","caption":"Michael Strasser"}}]}},"jetpack_featured_media_url":"https:\/\/strassermichael.at\/wp-content\/uploads\/2013\/03\/72349_566133490077976_799303571_n.jpg","_links":{"self":[{"href":"https:\/\/strassermichael.at\/de\/wp-json\/wp\/v2\/posts\/865"}],"collection":[{"href":"https:\/\/strassermichael.at\/de\/wp-json\/wp\/v2\/posts"}],"about":[{"href":"https:\/\/strassermichael.at\/de\/wp-json\/wp\/v2\/types\/post"}],"author":[{"embeddable":true,"href":"https:\/\/strassermichael.at\/de\/wp-json\/wp\/v2\/users\/2"}],"replies":[{"embeddable":true,"href":"https:\/\/strassermichael.at\/de\/wp-json\/wp\/v2\/comments?post=865"}],"version-history":[{"count":4,"href":"https:\/\/strassermichael.at\/de\/wp-json\/wp\/v2\/posts\/865\/revisions"}],"predecessor-version":[{"id":869,"href":"https:\/\/strassermichael.at\/de\/wp-json\/wp\/v2\/posts\/865\/revisions\/869"}],"wp:featuredmedia":[{"embeddable":true,"href":"https:\/\/strassermichael.at\/de\/wp-json\/wp\/v2\/media\/866"}],"wp:attachment":[{"href":"https:\/\/strassermichael.at\/de\/wp-json\/wp\/v2\/media?parent=865"}],"wp:term":[{"taxonomy":"category","embeddable":true,"href":"https:\/\/strassermichael.at\/de\/wp-json\/wp\/v2\/categories?post=865"},{"taxonomy":"post_tag","embeddable":true,"href":"https:\/\/strassermichael.at\/de\/wp-json\/wp\/v2\/tags?post=865"}],"curies":[{"name":"wp","href":"https:\/\/api.w.org\/{rel}","templated":true}]}}